{"id":50387,"date":"2026-09-04T18:48:49","date_gmt":"2026-09-04T23:48:49","guid":{"rendered":"https:\/\/interpolitico.com\/inicio\/?p=50387"},"modified":"2026-09-04T18:48:49","modified_gmt":"2026-09-04T23:48:49","slug":"comfacesar-entrega-subsidios-para-transformar-las-viviendas-de-15-familias-de-guacoche","status":"publish","type":"post","link":"https:\/\/interpolitico.com\/inicio\/comfacesar-entrega-subsidios-para-transformar-las-viviendas-de-15-familias-de-guacoche\/","title":{"rendered":"Comfacesar entrega subsidios para transformar las viviendas de 15 familias de Guacoche"},"content":{"rendered":"\n<p>La Caja de Compensaci\u00f3n Familiar del Cesar (COMFACESAR), entreg\u00f3 cartas de asignaci\u00f3n de subsidio para mejoramiento de vivienda rural a 15 familias del corregimiento Guacoche, de Valledupar, por un valor total de $471.168.540.<\/p>\n\n\n\n<p>Con estos recursos, que son producto del aporte parafiscal de las empresas afiliadas a la Caja y que est\u00e1n administrados por el Fondo de Vivienda de Inter\u00e9s Social (FOVIS), ser\u00e1n intervenidas estas viviendas rurales para corregir deficiencias estructurales, sanitarias o locativas, permitiendo que se logre restituir condiciones m\u00ednimas de habitabilidad, salud y seguridad para las familias beneficiarias.<\/p>\n\n\n\n<p>El director administrativo de Comfacesar, Frank Montero, explic\u00f3 que el valor total de los recursos asignados equivale a un aporte promedio de $31.411.236 pesos por cada vivienda que ser\u00e1 intervenida.<\/p>\n\n\n\n<p>\u201cEsta entrega no es un hecho aislado dentro de la gesti\u00f3n de la Caja, forma parte de una trayectoria sostenida en el periodo acumulado entre 2022 y 2026. Comfacesar ha asignado 145 subsidios de vivienda rural superior a 3.608 millones de pesos. Esto no es solo casas mejoradas, sino hogares m\u00e1s dignos para todas las familias\u201d, les dijo a los beneficiarios el director de la Caja.<\/p>\n\n\n\n<p>Anyeliz Castilla, una de las beneficiarias, expres\u00f3 su alegr\u00eda porque su familia result\u00f3 beneficiada con este subsidio de mejoramiento de vivienda, lo que le permitir\u00e1 ofrecerle a su hija menor de edad un entorno m\u00e1s seguro y habitable, debido a la enfermedad que padece.<\/p>\n\n\n\n<p>\u201cPara m\u00ed es un honor y un profundo agradecimiento porque es mejorarle la vida a mi ni\u00f1a. Tengo una hija con anemia de c\u00e9lulas falciforme (es un trastorno hereditario que afecta los gl\u00f3bulos rojos), a lo que le doy gracias a Dios que me la ha mantenido con buena salud\u201d, manifest\u00f3 Castilla, quien recibi\u00f3 junto a su peque\u00f1a la carta de asignaci\u00f3n.<\/p>\n\n\n\n<p>El presidente del Consejo Directivo de Comfacesar, Miguel Andr\u00e9s Villaz\u00f3n, destac\u00f3 que para la empresa es importante hacer presencia en la zona rural, teniendo en cuenta el impulso que generan las empresas del sector agropecuariuo y sus empleados, quienes, finalmente, resultan beneficiados de los servicios que ofrece la Caja.<\/p>\n\n\n\n<p>\u201cLes damos valor real a trav\u00e9s de los aportes que realizan los empresarios a la Caja, esto genera un bienestar a su familia y con esto vamos a tener mejores condiciones para todos nuestros trabajadores. No podemos olvidar que estos corregimientos son muy importantes para la productividad del campo\u201d, a\u00f1adi\u00f3 Miguel Andr\u00e9s Villaz\u00f3n.<\/p>\n\n\n\n<p>De las 16 solicitudes que la Caja de Compensaci\u00f3n Familiar del Cesar recibi\u00f3 en la presente convocatoria para asignar cartas de asignaci\u00f3n de subsidios de mejoramiento de vivienda, estas 15 fueron las aprobadas. Esto significa una tasa de aprobaci\u00f3n del 93,8%.<\/p>\n\n\n\n<figure class=\"wp-block-image size-large\"><a href=\"https:\/\/interpolitico.com\/inicio\/wp-content\/uploads\/2026\/09\/Comfacesarguacoche.jpg\"><img loading=\"lazy\" decoding=\"async\" width=\"650\" height=\"469\" src=\"https:\/\/interpolitico.com\/inicio\/wp-content\/uploads\/2026\/09\/Comfacesarguacoche-650x469.jpg\" alt=\"\" class=\"wp-image-50388\" srcset=\"https:\/\/interpolitico.com\/inicio\/wp-content\/uploads\/2026\/09\/Comfacesarguacoche-650x469.jpg 650w, https:\/\/interpolitico.com\/inicio\/wp-content\/uploads\/2026\/09\/Comfacesarguacoche-400x289.jpg 400w, https:\/\/interpolitico.com\/inicio\/wp-content\/uploads\/2026\/09\/Comfacesarguacoche-250x180.jpg 250w, https:\/\/interpolitico.com\/inicio\/wp-content\/uploads\/2026\/09\/Comfacesarguacoche-768x554.jpg 768w, https:\/\/interpolitico.com\/inicio\/wp-content\/uploads\/2026\/09\/Comfacesarguacoche-150x108.jpg 150w, https:\/\/interpolitico.com\/inicio\/wp-content\/uploads\/2026\/09\/Comfacesarguacoche-800x578.jpg 800w, https:\/\/interpolitico.com\/inicio\/wp-content\/uploads\/2026\/09\/Comfacesarguacoche-1200x866.jpg 1200w, https:\/\/interpolitico.com\/inicio\/wp-content\/uploads\/2026\/09\/Comfacesarguacoche.jpg 1280w\" sizes=\"(max-width: 650px) 100vw, 650px\" \/><\/a><\/figure>\n","protected":false},"excerpt":{"rendered":"<p>La Caja de Compensaci\u00f3n Familiar del Cesar (COMFACESAR), entreg\u00f3 cartas de asignaci\u00f3n de subsidio para mejoramiento de vivienda rural a 15 familias del corregimiento Guacoche, de Valledupar, por un valor total de $471.168.540. Con estos recursos, que son producto del aporte parafiscal de las empresas afiliadas a la Caja y que est\u00e1n administrados por el [&hellip;]<\/p>\n","protected":false},"author":2,"featured_media":0,"comment_status":"closed","ping_status":"","sticky":false,"template":"","format":"standard","meta":{"footnotes":""},"categories":[1],"tags":[],"yoast_head":"<!-- This site is optimized with the Yoast SEO plugin v23.5 - https:\/\/yoast.com\/wordpress\/plugins\/seo\/ -->\n<title>Comfacesar entrega subsidios para transformar las viviendas de 15 familias de Guacoche - InterPolitico<\/title>\n<meta name=\"robots\" content=\"index, follow, max-snippet:-1, max-image-preview:large, max-video-preview:-1\" \/>\n<link rel=\"canonical\" href=\"https:\/\/interpolitico.com\/inicio\/comfacesar-entrega-subsidios-para-transformar-las-viviendas-de-15-familias-de-guacoche\/\" \/>\n<meta property=\"og:locale\" content=\"es_ES\" \/>\n<meta property=\"og:type\" content=\"article\" \/>\n<meta property=\"og:title\" content=\"Comfacesar entrega subsidios para transformar las viviendas de 15 familias de Guacoche - InterPolitico\" \/>\n<meta property=\"og:description\" content=\"La Caja de Compensaci\u00f3n Familiar del Cesar (COMFACESAR), entreg\u00f3 cartas de asignaci\u00f3n de subsidio para mejoramiento de vivienda rural a 15 familias del corregimiento Guacoche, de Valledupar, por un valor total de $471.168.540. Con estos recursos, que son producto del aporte parafiscal de las empresas afiliadas a la Caja y que est\u00e1n administrados por el [&hellip;]\" \/>\n<meta property=\"og:url\" content=\"https:\/\/interpolitico.com\/inicio\/comfacesar-entrega-subsidios-para-transformar-las-viviendas-de-15-familias-de-guacoche\/\" \/>\n<meta property=\"og:site_name\" content=\"InterPolitico\" \/>\n<meta property=\"article:publisher\" content=\"https:\/\/www.facebook.com\/interpolitico\/\" \/>\n<meta property=\"article:published_time\" content=\"2026-09-04T23:48:49+00:00\" \/>\n<meta property=\"og:image\" content=\"https:\/\/interpolitico.com\/inicio\/wp-content\/uploads\/2026\/09\/Comfacesarguacoche-650x469.jpg\" \/>\n<meta name=\"author\" content=\"paul\" \/>\n<meta name=\"twitter:card\" content=\"summary_large_image\" \/>\n<meta name=\"twitter:creator\" content=\"@Interpolitico\" \/>\n<meta name=\"twitter:site\" content=\"@Interpolitico\" \/>\n<meta name=\"twitter:label1\" content=\"Escrito por\" \/>\n\t<meta name=\"twitter:data1\" content=\"paul\" \/>\n\t<meta name=\"twitter:label2\" content=\"Tiempo de lectura\" \/>\n\t<meta name=\"twitter:data2\" content=\"2 minutos\" \/>\n<script type=\"application\/ld+json\" class=\"yoast-schema-graph\">{\"@context\":\"https:\/\/schema.org\",\"@graph\":[{\"@type\":\"Article\",\"@id\":\"https:\/\/interpolitico.com\/inicio\/comfacesar-entrega-subsidios-para-transformar-las-viviendas-de-15-familias-de-guacoche\/#article\",\"isPartOf\":{\"@id\":\"https:\/\/interpolitico.com\/inicio\/comfacesar-entrega-subsidios-para-transformar-las-viviendas-de-15-familias-de-guacoche\/\"},\"author\":{\"name\":\"paul\",\"@id\":\"https:\/\/interpolitico.com\/inicio\/#\/schema\/person\/1a1ac87c05d0e64a550b63f4684b755e\"},\"headline\":\"Comfacesar entrega subsidios para transformar las viviendas de 15 familias de Guacoche\",\"datePublished\":\"2026-09-04T23:48:49+00:00\",\"dateModified\":\"2026-09-04T23:48:49+00:00\",\"mainEntityOfPage\":{\"@id\":\"https:\/\/interpolitico.com\/inicio\/comfacesar-entrega-subsidios-para-transformar-las-viviendas-de-15-familias-de-guacoche\/\"},\"wordCount\":460,\"publisher\":{\"@id\":\"https:\/\/interpolitico.com\/inicio\/#organization\"},\"image\":{\"@id\":\"https:\/\/interpolitico.com\/inicio\/comfacesar-entrega-subsidios-para-transformar-las-viviendas-de-15-familias-de-guacoche\/#primaryimage\"},\"thumbnailUrl\":\"https:\/\/interpolitico.com\/inicio\/wp-content\/uploads\/2026\/09\/Comfacesarguacoche-650x469.jpg\",\"articleSection\":[\"Politica\"],\"inLanguage\":\"es\"},{\"@type\":\"WebPage\",\"@id\":\"https:\/\/interpolitico.com\/inicio\/comfacesar-entrega-subsidios-para-transformar-las-viviendas-de-15-familias-de-guacoche\/\",\"url\":\"https:\/\/interpolitico.com\/inicio\/comfacesar-entrega-subsidios-para-transformar-las-viviendas-de-15-familias-de-guacoche\/\",\"name\":\"Comfacesar entrega subsidios para transformar las viviendas de 15 familias de Guacoche - InterPolitico\",\"isPartOf\":{\"@id\":\"https:\/\/interpolitico.com\/inicio\/#website\"},\"primaryImageOfPage\":{\"@id\":\"https:\/\/interpolitico.com\/inicio\/comfacesar-entrega-subsidios-para-transformar-las-viviendas-de-15-familias-de-guacoche\/#primaryimage\"},\"image\":{\"@id\":\"https:\/\/interpolitico.com\/inicio\/comfacesar-entrega-subsidios-para-transformar-las-viviendas-de-15-familias-de-guacoche\/#primaryimage\"},\"thumbnailUrl\":\"https:\/\/interpolitico.com\/inicio\/wp-content\/uploads\/2026\/09\/Comfacesarguacoche-650x469.jpg\",\"datePublished\":\"2026-09-04T23:48:49+00:00\",\"dateModified\":\"2026-09-04T23:48:49+00:00\",\"breadcrumb\":{\"@id\":\"https:\/\/interpolitico.com\/inicio\/comfacesar-entrega-subsidios-para-transformar-las-viviendas-de-15-familias-de-guacoche\/#breadcrumb\"},\"inLanguage\":\"es\",\"potentialAction\":[{\"@type\":\"ReadAction\",\"target\":[\"https:\/\/interpolitico.com\/inicio\/comfacesar-entrega-subsidios-para-transformar-las-viviendas-de-15-familias-de-guacoche\/\"]}]},{\"@type\":\"ImageObject\",\"inLanguage\":\"es\",\"@id\":\"https:\/\/interpolitico.com\/inicio\/comfacesar-entrega-subsidios-para-transformar-las-viviendas-de-15-familias-de-guacoche\/#primaryimage\",\"url\":\"https:\/\/interpolitico.com\/inicio\/wp-content\/uploads\/2026\/09\/Comfacesarguacoche.jpg\",\"contentUrl\":\"https:\/\/interpolitico.com\/inicio\/wp-content\/uploads\/2026\/09\/Comfacesarguacoche.jpg\",\"width\":1280,\"height\":924},{\"@type\":\"BreadcrumbList\",\"@id\":\"https:\/\/interpolitico.com\/inicio\/comfacesar-entrega-subsidios-para-transformar-las-viviendas-de-15-familias-de-guacoche\/#breadcrumb\",\"itemListElement\":[{\"@type\":\"ListItem\",\"position\":1,\"name\":\"Portada\",\"item\":\"https:\/\/interpolitico.com\/inicio\/\"},{\"@type\":\"ListItem\",\"position\":2,\"name\":\"Comfacesar entrega subsidios para transformar las viviendas de 15 familias de Guacoche\"}]},{\"@type\":\"WebSite\",\"@id\":\"https:\/\/interpolitico.com\/inicio\/#website\",\"url\":\"https:\/\/interpolitico.com\/inicio\/\",\"name\":\"InterPolitico\",\"description\":\"\",\"publisher\":{\"@id\":\"https:\/\/interpolitico.com\/inicio\/#organization\"},\"potentialAction\":[{\"@type\":\"SearchAction\",\"target\":{\"@type\":\"EntryPoint\",\"urlTemplate\":\"https:\/\/interpolitico.com\/inicio\/?s={search_term_string}\"},\"query-input\":{\"@type\":\"PropertyValueSpecification\",\"valueRequired\":true,\"valueName\":\"search_term_string\"}}],\"inLanguage\":\"es\"},{\"@type\":\"Organization\",\"@id\":\"https:\/\/interpolitico.com\/inicio\/#organization\",\"name\":\"Interpolitico.com\",\"url\":\"https:\/\/interpolitico.com\/inicio\/\",\"logo\":{\"@type\":\"ImageObject\",\"inLanguage\":\"es\",\"@id\":\"https:\/\/interpolitico.com\/inicio\/#\/schema\/logo\/image\/\",\"url\":\"http:\/\/interpolitico.com\/inicio\/wp-content\/uploads\/2020\/05\/logo.jpg\",\"contentUrl\":\"http:\/\/interpolitico.com\/inicio\/wp-content\/uploads\/2020\/05\/logo.jpg\",\"width\":460,\"height\":73,\"caption\":\"Interpolitico.com\"},\"image\":{\"@id\":\"https:\/\/interpolitico.com\/inicio\/#\/schema\/logo\/image\/\"},\"sameAs\":[\"https:\/\/www.facebook.com\/interpolitico\/\",\"https:\/\/x.com\/Interpolitico\",\"https:\/\/www.instagram.com\/interpolitico\/\"]},{\"@type\":\"Person\",\"@id\":\"https:\/\/interpolitico.com\/inicio\/#\/schema\/person\/1a1ac87c05d0e64a550b63f4684b755e\",\"name\":\"paul\",\"image\":{\"@type\":\"ImageObject\",\"inLanguage\":\"es\",\"@id\":\"https:\/\/interpolitico.com\/inicio\/#\/schema\/person\/image\/\",\"url\":\"https:\/\/secure.gravatar.com\/avatar\/f707412d5911be897c7b23a0119e1817?s=96&d=mm&r=g\",\"contentUrl\":\"https:\/\/secure.gravatar.com\/avatar\/f707412d5911be897c7b23a0119e1817?s=96&d=mm&r=g\",\"caption\":\"paul\"},\"url\":\"https:\/\/interpolitico.com\/inicio\/author\/paul\/\"}]}<\/script>\n<!-- \/ Yoast SEO plugin. -->","yoast_head_json":{"title":"Comfacesar entrega subsidios para transformar las viviendas de 15 familias de Guacoche - InterPolitico","robots":{"index":"index","follow":"follow","max-snippet":"max-snippet:-1","max-image-preview":"max-image-preview:large","max-video-preview":"max-video-preview:-1"},"canonical":"https:\/\/interpolitico.com\/inicio\/comfacesar-entrega-subsidios-para-transformar-las-viviendas-de-15-familias-de-guacoche\/","og_locale":"es_ES","og_type":"article","og_title":"Comfacesar entrega subsidios para transformar las viviendas de 15 familias de Guacoche - InterPolitico","og_description":"La Caja de Compensaci\u00f3n Familiar del Cesar (COMFACESAR), entreg\u00f3 cartas de asignaci\u00f3n de subsidio para mejoramiento de vivienda rural a 15 familias del corregimiento Guacoche, de Valledupar, por un valor total de $471.168.540. Con estos recursos, que son producto del aporte parafiscal de las empresas afiliadas a la Caja y que est\u00e1n administrados por el [&hellip;]","og_url":"https:\/\/interpolitico.com\/inicio\/comfacesar-entrega-subsidios-para-transformar-las-viviendas-de-15-familias-de-guacoche\/","og_site_name":"InterPolitico","article_publisher":"https:\/\/www.facebook.com\/interpolitico\/","article_published_time":"2026-09-04T23:48:49+00:00","og_image":[{"url":"https:\/\/interpolitico.com\/inicio\/wp-content\/uploads\/2026\/09\/Comfacesarguacoche-650x469.jpg"}],"author":"paul","twitter_card":"summary_large_image","twitter_creator":"@Interpolitico","twitter_site":"@Interpolitico","twitter_misc":{"Escrito por":"paul","Tiempo de lectura":"2 minutos"},"schema":{"@context":"https:\/\/schema.org","@graph":[{"@type":"Article","@id":"https:\/\/interpolitico.com\/inicio\/comfacesar-entrega-subsidios-para-transformar-las-viviendas-de-15-familias-de-guacoche\/#article","isPartOf":{"@id":"https:\/\/interpolitico.com\/inicio\/comfacesar-entrega-subsidios-para-transformar-las-viviendas-de-15-familias-de-guacoche\/"},"author":{"name":"paul","@id":"https:\/\/interpolitico.com\/inicio\/#\/schema\/person\/1a1ac87c05d0e64a550b63f4684b755e"},"headline":"Comfacesar entrega subsidios para transformar las viviendas de 15 familias de Guacoche","datePublished":"2026-09-04T23:48:49+00:00","dateModified":"2026-09-04T23:48:49+00:00","mainEntityOfPage":{"@id":"https:\/\/interpolitico.com\/inicio\/comfacesar-entrega-subsidios-para-transformar-las-viviendas-de-15-familias-de-guacoche\/"},"wordCount":460,"publisher":{"@id":"https:\/\/interpolitico.com\/inicio\/#organization"},"image":{"@id":"https:\/\/interpolitico.com\/inicio\/comfacesar-entrega-subsidios-para-transformar-las-viviendas-de-15-familias-de-guacoche\/#primaryimage"},"thumbnailUrl":"https:\/\/interpolitico.com\/inicio\/wp-content\/uploads\/2026\/09\/Comfacesarguacoche-650x469.jpg","articleSection":["Politica"],"inLanguage":"es"},{"@type":"WebPage","@id":"https:\/\/interpolitico.com\/inicio\/comfacesar-entrega-subsidios-para-transformar-las-viviendas-de-15-familias-de-guacoche\/","url":"https:\/\/interpolitico.com\/inicio\/comfacesar-entrega-subsidios-para-transformar-las-viviendas-de-15-familias-de-guacoche\/","name":"Comfacesar entrega subsidios para transformar las viviendas de 15 familias de Guacoche - InterPolitico","isPartOf":{"@id":"https:\/\/interpolitico.com\/inicio\/#website"},"primaryImageOfPage":{"@id":"https:\/\/interpolitico.com\/inicio\/comfacesar-entrega-subsidios-para-transformar-las-viviendas-de-15-familias-de-guacoche\/#primaryimage"},"image":{"@id":"https:\/\/interpolitico.com\/inicio\/comfacesar-entrega-subsidios-para-transformar-las-viviendas-de-15-familias-de-guacoche\/#primaryimage"},"thumbnailUrl":"https:\/\/interpolitico.com\/inicio\/wp-content\/uploads\/2026\/09\/Comfacesarguacoche-650x469.jpg","datePublished":"2026-09-04T23:48:49+00:00","dateModified":"2026-09-04T23:48:49+00:00","breadcrumb":{"@id":"https:\/\/interpolitico.com\/inicio\/comfacesar-entrega-subsidios-para-transformar-las-viviendas-de-15-familias-de-guacoche\/#breadcrumb"},"inLanguage":"es","potentialAction":[{"@type":"ReadAction","target":["https:\/\/interpolitico.com\/inicio\/comfacesar-entrega-subsidios-para-transformar-las-viviendas-de-15-familias-de-guacoche\/"]}]},{"@type":"ImageObject","inLanguage":"es","@id":"https:\/\/interpolitico.com\/inicio\/comfacesar-entrega-subsidios-para-transformar-las-viviendas-de-15-familias-de-guacoche\/#primaryimage","url":"https:\/\/interpolitico.com\/inicio\/wp-content\/uploads\/2026\/09\/Comfacesarguacoche.jpg","contentUrl":"https:\/\/interpolitico.com\/inicio\/wp-content\/uploads\/2026\/09\/Comfacesarguacoche.jpg","width":1280,"height":924},{"@type":"BreadcrumbList","@id":"https:\/\/interpolitico.com\/inicio\/comfacesar-entrega-subsidios-para-transformar-las-viviendas-de-15-familias-de-guacoche\/#breadcrumb","itemListElement":[{"@type":"ListItem","position":1,"name":"Portada","item":"https:\/\/interpolitico.com\/inicio\/"},{"@type":"ListItem","position":2,"name":"Comfacesar entrega subsidios para transformar las viviendas de 15 familias de Guacoche"}]},{"@type":"WebSite","@id":"https:\/\/interpolitico.com\/inicio\/#website","url":"https:\/\/interpolitico.com\/inicio\/","name":"InterPolitico","description":"","publisher":{"@id":"https:\/\/interpolitico.com\/inicio\/#organization"},"potentialAction":[{"@type":"SearchAction","target":{"@type":"EntryPoint","urlTemplate":"https:\/\/interpolitico.com\/inicio\/?s={search_term_string}"},"query-input":{"@type":"PropertyValueSpecification","valueRequired":true,"valueName":"search_term_string"}}],"inLanguage":"es"},{"@type":"Organization","@id":"https:\/\/interpolitico.com\/inicio\/#organization","name":"Interpolitico.com","url":"https:\/\/interpolitico.com\/inicio\/","logo":{"@type":"ImageObject","inLanguage":"es","@id":"https:\/\/interpolitico.com\/inicio\/#\/schema\/logo\/image\/","url":"http:\/\/interpolitico.com\/inicio\/wp-content\/uploads\/2020\/05\/logo.jpg","contentUrl":"http:\/\/interpolitico.com\/inicio\/wp-content\/uploads\/2020\/05\/logo.jpg","width":460,"height":73,"caption":"Interpolitico.com"},"image":{"@id":"https:\/\/interpolitico.com\/inicio\/#\/schema\/logo\/image\/"},"sameAs":["https:\/\/www.facebook.com\/interpolitico\/","https:\/\/x.com\/Interpolitico","https:\/\/www.instagram.com\/interpolitico\/"]},{"@type":"Person","@id":"https:\/\/interpolitico.com\/inicio\/#\/schema\/person\/1a1ac87c05d0e64a550b63f4684b755e","name":"paul","image":{"@type":"ImageObject","inLanguage":"es","@id":"https:\/\/interpolitico.com\/inicio\/#\/schema\/person\/image\/","url":"https:\/\/secure.gravatar.com\/avatar\/f707412d5911be897c7b23a0119e1817?s=96&d=mm&r=g","contentUrl":"https:\/\/secure.gravatar.com\/avatar\/f707412d5911be897c7b23a0119e1817?s=96&d=mm&r=g","caption":"paul"},"url":"https:\/\/interpolitico.com\/inicio\/author\/paul\/"}]}},"_links":{"self":[{"href":"https:\/\/interpolitico.com\/inicio\/wp-json\/wp\/v2\/posts\/50387"}],"collection":[{"href":"https:\/\/interpolitico.com\/inicio\/wp-json\/wp\/v2\/posts"}],"about":[{"href":"https:\/\/interpolitico.com\/inicio\/wp-json\/wp\/v2\/types\/post"}],"author":[{"embeddable":true,"href":"https:\/\/interpolitico.com\/inicio\/wp-json\/wp\/v2\/users\/2"}],"replies":[{"embeddable":true,"href":"https:\/\/interpolitico.com\/inicio\/wp-json\/wp\/v2\/comments?post=50387"}],"version-history":[{"count":1,"href":"https:\/\/interpolitico.com\/inicio\/wp-json\/wp\/v2\/posts\/50387\/revisions"}],"predecessor-version":[{"id":50389,"href":"https:\/\/interpolitico.com\/inicio\/wp-json\/wp\/v2\/posts\/50387\/revisions\/50389"}],"wp:attachment":[{"href":"https:\/\/interpolitico.com\/inicio\/wp-json\/wp\/v2\/media?parent=50387"}],"wp:term":[{"taxonomy":"category","embeddable":true,"href":"https:\/\/interpolitico.com\/inicio\/wp-json\/wp\/v2\/categories?post=50387"},{"taxonomy":"post_tag","embeddable":true,"href":"https:\/\/interpolitico.com\/inicio\/wp-json\/wp\/v2\/tags?post=50387"}],"curies":[{"name":"wp","href":"https:\/\/api.w.org\/{rel}","templated":true}]}}