{"id":50381,"date":"2026-09-04T18:12:34","date_gmt":"2026-09-04T23:12:34","guid":{"rendered":"https:\/\/interpolitico.com\/inicio\/?p=50381"},"modified":"2026-09-04T18:12:34","modified_gmt":"2026-09-04T23:12:34","slug":"comfacesar-firmo-convenio-con-la-institucion-universitaria-de-envigado-para-impulsar-la-educacion-superior","status":"publish","type":"post","link":"https:\/\/interpolitico.com\/inicio\/comfacesar-firmo-convenio-con-la-institucion-universitaria-de-envigado-para-impulsar-la-educacion-superior\/","title":{"rendered":"Comfacesar firm\u00f3 convenio con la Instituci\u00f3n Universitaria de Envigado para impulsar la educaci\u00f3n superior"},"content":{"rendered":"\n<p>La Caja de Compensaci\u00f3n Familiar del Cesar, (COMFACESAR) firm\u00f3 un convenio interinstitucional con la Instituci\u00f3n Universitaria de Envigado para impulsar la formaci\u00f3n acad\u00e9mica, permitiendo de esta forma que los afiliados de las categor\u00edas A y B accedan a programas tecnol\u00f3gicos, de pregrado, especializaciones y maestr\u00edas de manera subsidiada.<\/p>\n\n\n\n<p>La alianza, denominada \u2018Alianza por el futuro\u2019, tiene como objetivo que ambas entidades a\u00fanen sus capacidades t\u00e9cnicas, tecnol\u00f3gicas y humanas para que la ciudadan\u00eda tenga acceso a la educaci\u00f3n superior a trav\u00e9s de \u00e1reas estrat\u00e9gicas que son pertinentes para el desarrollo social, ambiental y econ\u00f3mico del Cesar y de Colombia.<\/p>\n\n\n\n<p>La formaci\u00f3n se realizar\u00e1 de manera virtual y de forma presencial. Adem\u00e1s, la Instituci\u00f3n Universitaria de Envigado aportar\u00e1 la oferta acad\u00e9mica y el cuerpo de docentes, mientras que la Caja de Compensaci\u00f3n Familiar dispondr\u00e1 los espacios f\u00edsicos, apoyo log\u00edstico, t\u00e9cnico y los canales institucionales para la divulgaci\u00f3n del convenio.<\/p>\n\n\n\n<p>Las aulas dispuestas para esta formaci\u00f3n de educaci\u00f3n superior estar\u00e1n ubicadas en las sedes de la Caja en Valledupar y en las UIS de Bosconia, La Jagua de Ibirico, La Loma, El Copey, entre otros municipios del Cesar.<\/p>\n\n\n\n<p>El director administrativo de Comfacesar, Frank Montero, dijo que este convenio le abre las puertas de la educaci\u00f3n superior subsidiada a las familias de las categor\u00edas A y B afiliadas a la entidad a programas que son claves para el desarrollo de la regi\u00f3n.<\/p>\n\n\n\n<p>\u201cCreo que no nos quedamos en la teor\u00eda, porque creamos un puente real para que nuestros estudiantes del colegio Comfacesar Rodolfo Campo Soto y del Instituto T\u00e9cnico de Comfacesar, Instecom, puedan homologar y avancen sin ninguna barrera hacia ese t\u00edtulo de educaci\u00f3n superior o t\u00edtulo profesional\u201d, expres\u00f3 Frank Montero.<\/p>\n\n\n\n<p>Reiter\u00f3 que esta oferta llegar\u00e1 a los ochos municipios donde hay sedes de la entidad para que ning\u00fan joven del Cesar se quede sin estudiar. \u201cYo creo que esto da cuenta de lo que hacemos en la Caja de Compensaci\u00f3n y de nuestro objeto social. En Comfacesar educar es transformar realidades\u201d, concluy\u00f3.<\/p>\n\n\n\n<p>Los programas que est\u00e1n disponibles son Tecnolog\u00eda en Gesti\u00f3n Ambiental, Tecnolog\u00eda en Desarrollo de Software e Infraestructura, Tecnolog\u00eda en Gesti\u00f3n de Proyectos Sociales y Comunitarios, T\u00e9cnico Profesional en Tr\u00e1nsito, Transporte y Seguridad y Derecho.<\/p>\n\n\n\n<p>Por su parte, el rector de la Instituci\u00f3n Universitaria de Envigado, Rafael Alejandro Betancourt Durango, manifest\u00f3 que la firma de este convenio est\u00e1 pensado en su proyecto de formaci\u00f3n virtual en las regiones.<\/p>\n\n\n\n<p>\u201cEntendiendo que ya estamos en integraci\u00f3n con Bosconia, Cesar, queremos llevar a Valledupar cada uno de nuestros programas virtuales, que est\u00e1n focalizados en la expansi\u00f3n de la IUE. Desde las cajas de compensaci\u00f3n tenemos un aspecto muy importante a resaltar y es que nos va a permitir llegar a esta regi\u00f3n con la oferta institucional\u201d, expres\u00f3 el rector de la IUE.<\/p>\n\n\n\n<p>El convenio tambi\u00e9n permite que se fomenten rutas de empleo, emprendimiento, orientaci\u00f3n ocupacional, intermediaci\u00f3n o haya una articulaci\u00f3n con empresas para el beneficio de los estudiantes y egresados.<\/p>\n\n\n\n<figure class=\"wp-block-image size-large\"><a href=\"https:\/\/interpolitico.com\/inicio\/wp-content\/uploads\/2026\/09\/Comfacesarenvigado.jpg\"><img loading=\"lazy\" decoding=\"async\" width=\"650\" height=\"488\" src=\"https:\/\/interpolitico.com\/inicio\/wp-content\/uploads\/2026\/09\/Comfacesarenvigado-650x488.jpg\" alt=\"\" class=\"wp-image-50382\" srcset=\"https:\/\/interpolitico.com\/inicio\/wp-content\/uploads\/2026\/09\/Comfacesarenvigado-650x488.jpg 650w, https:\/\/interpolitico.com\/inicio\/wp-content\/uploads\/2026\/09\/Comfacesarenvigado-400x300.jpg 400w, https:\/\/interpolitico.com\/inicio\/wp-content\/uploads\/2026\/09\/Comfacesarenvigado-250x188.jpg 250w, https:\/\/interpolitico.com\/inicio\/wp-content\/uploads\/2026\/09\/Comfacesarenvigado-768x576.jpg 768w, https:\/\/interpolitico.com\/inicio\/wp-content\/uploads\/2026\/09\/Comfacesarenvigado-150x113.jpg 150w, https:\/\/interpolitico.com\/inicio\/wp-content\/uploads\/2026\/09\/Comfacesarenvigado-800x600.jpg 800w, https:\/\/interpolitico.com\/inicio\/wp-content\/uploads\/2026\/09\/Comfacesarenvigado-1200x900.jpg 1200w, https:\/\/interpolitico.com\/inicio\/wp-content\/uploads\/2026\/09\/Comfacesarenvigado.jpg 1280w\" sizes=\"(max-width: 650px) 100vw, 650px\" \/><\/a><\/figure>\n","protected":false},"excerpt":{"rendered":"<p>La Caja de Compensaci\u00f3n Familiar del Cesar, (COMFACESAR) firm\u00f3 un convenio interinstitucional con la Instituci\u00f3n Universitaria de Envigado para impulsar la formaci\u00f3n acad\u00e9mica, permitiendo de esta forma que los afiliados de las categor\u00edas A y B accedan a programas tecnol\u00f3gicos, de pregrado, especializaciones y maestr\u00edas de manera subsidiada. La alianza, denominada \u2018Alianza por el futuro\u2019, [&hellip;]<\/p>\n","protected":false},"author":2,"featured_media":0,"comment_status":"closed","ping_status":"","sticky":false,"template":"","format":"standard","meta":{"footnotes":""},"categories":[1],"tags":[],"yoast_head":"<!-- This site is optimized with the Yoast SEO plugin v23.5 - https:\/\/yoast.com\/wordpress\/plugins\/seo\/ -->\n<title>Comfacesar firm\u00f3 convenio con la Instituci\u00f3n Universitaria de Envigado para impulsar la educaci\u00f3n superior - InterPolitico<\/title>\n<meta name=\"robots\" content=\"index, follow, max-snippet:-1, max-image-preview:large, max-video-preview:-1\" \/>\n<link rel=\"canonical\" href=\"https:\/\/interpolitico.com\/inicio\/comfacesar-firmo-convenio-con-la-institucion-universitaria-de-envigado-para-impulsar-la-educacion-superior\/\" \/>\n<meta property=\"og:locale\" content=\"es_ES\" \/>\n<meta property=\"og:type\" content=\"article\" \/>\n<meta property=\"og:title\" content=\"Comfacesar firm\u00f3 convenio con la Instituci\u00f3n Universitaria de Envigado para impulsar la educaci\u00f3n superior - InterPolitico\" \/>\n<meta property=\"og:description\" content=\"La Caja de Compensaci\u00f3n Familiar del Cesar, (COMFACESAR) firm\u00f3 un convenio interinstitucional con la Instituci\u00f3n Universitaria de Envigado para impulsar la formaci\u00f3n acad\u00e9mica, permitiendo de esta forma que los afiliados de las categor\u00edas A y B accedan a programas tecnol\u00f3gicos, de pregrado, especializaciones y maestr\u00edas de manera subsidiada. La alianza, denominada \u2018Alianza por el futuro\u2019, [&hellip;]\" \/>\n<meta property=\"og:url\" content=\"https:\/\/interpolitico.com\/inicio\/comfacesar-firmo-convenio-con-la-institucion-universitaria-de-envigado-para-impulsar-la-educacion-superior\/\" \/>\n<meta property=\"og:site_name\" content=\"InterPolitico\" \/>\n<meta property=\"article:publisher\" content=\"https:\/\/www.facebook.com\/interpolitico\/\" \/>\n<meta property=\"article:published_time\" content=\"2026-09-04T23:12:34+00:00\" \/>\n<meta property=\"og:image\" content=\"https:\/\/interpolitico.com\/inicio\/wp-content\/uploads\/2026\/09\/Comfacesarenvigado-650x488.jpg\" \/>\n<meta name=\"author\" content=\"paul\" \/>\n<meta name=\"twitter:card\" content=\"summary_large_image\" \/>\n<meta name=\"twitter:creator\" content=\"@Interpolitico\" \/>\n<meta name=\"twitter:site\" content=\"@Interpolitico\" \/>\n<meta name=\"twitter:label1\" content=\"Escrito por\" \/>\n\t<meta name=\"twitter:data1\" content=\"paul\" \/>\n\t<meta name=\"twitter:label2\" content=\"Tiempo de lectura\" \/>\n\t<meta name=\"twitter:data2\" content=\"3 minutos\" \/>\n<script type=\"application\/ld+json\" class=\"yoast-schema-graph\">{\"@context\":\"https:\/\/schema.org\",\"@graph\":[{\"@type\":\"Article\",\"@id\":\"https:\/\/interpolitico.com\/inicio\/comfacesar-firmo-convenio-con-la-institucion-universitaria-de-envigado-para-impulsar-la-educacion-superior\/#article\",\"isPartOf\":{\"@id\":\"https:\/\/interpolitico.com\/inicio\/comfacesar-firmo-convenio-con-la-institucion-universitaria-de-envigado-para-impulsar-la-educacion-superior\/\"},\"author\":{\"name\":\"paul\",\"@id\":\"https:\/\/interpolitico.com\/inicio\/#\/schema\/person\/1a1ac87c05d0e64a550b63f4684b755e\"},\"headline\":\"Comfacesar firm\u00f3 convenio con la Instituci\u00f3n Universitaria de Envigado para impulsar la educaci\u00f3n superior\",\"datePublished\":\"2026-09-04T23:12:34+00:00\",\"dateModified\":\"2026-09-04T23:12:34+00:00\",\"mainEntityOfPage\":{\"@id\":\"https:\/\/interpolitico.com\/inicio\/comfacesar-firmo-convenio-con-la-institucion-universitaria-de-envigado-para-impulsar-la-educacion-superior\/\"},\"wordCount\":558,\"publisher\":{\"@id\":\"https:\/\/interpolitico.com\/inicio\/#organization\"},\"image\":{\"@id\":\"https:\/\/interpolitico.com\/inicio\/comfacesar-firmo-convenio-con-la-institucion-universitaria-de-envigado-para-impulsar-la-educacion-superior\/#primaryimage\"},\"thumbnailUrl\":\"https:\/\/interpolitico.com\/inicio\/wp-content\/uploads\/2026\/09\/Comfacesarenvigado-650x488.jpg\",\"articleSection\":[\"Politica\"],\"inLanguage\":\"es\"},{\"@type\":\"WebPage\",\"@id\":\"https:\/\/interpolitico.com\/inicio\/comfacesar-firmo-convenio-con-la-institucion-universitaria-de-envigado-para-impulsar-la-educacion-superior\/\",\"url\":\"https:\/\/interpolitico.com\/inicio\/comfacesar-firmo-convenio-con-la-institucion-universitaria-de-envigado-para-impulsar-la-educacion-superior\/\",\"name\":\"Comfacesar firm\u00f3 convenio con la Instituci\u00f3n Universitaria de Envigado para impulsar la educaci\u00f3n superior - InterPolitico\",\"isPartOf\":{\"@id\":\"https:\/\/interpolitico.com\/inicio\/#website\"},\"primaryImageOfPage\":{\"@id\":\"https:\/\/interpolitico.com\/inicio\/comfacesar-firmo-convenio-con-la-institucion-universitaria-de-envigado-para-impulsar-la-educacion-superior\/#primaryimage\"},\"image\":{\"@id\":\"https:\/\/interpolitico.com\/inicio\/comfacesar-firmo-convenio-con-la-institucion-universitaria-de-envigado-para-impulsar-la-educacion-superior\/#primaryimage\"},\"thumbnailUrl\":\"https:\/\/interpolitico.com\/inicio\/wp-content\/uploads\/2026\/09\/Comfacesarenvigado-650x488.jpg\",\"datePublished\":\"2026-09-04T23:12:34+00:00\",\"dateModified\":\"2026-09-04T23:12:34+00:00\",\"breadcrumb\":{\"@id\":\"https:\/\/interpolitico.com\/inicio\/comfacesar-firmo-convenio-con-la-institucion-universitaria-de-envigado-para-impulsar-la-educacion-superior\/#breadcrumb\"},\"inLanguage\":\"es\",\"potentialAction\":[{\"@type\":\"ReadAction\",\"target\":[\"https:\/\/interpolitico.com\/inicio\/comfacesar-firmo-convenio-con-la-institucion-universitaria-de-envigado-para-impulsar-la-educacion-superior\/\"]}]},{\"@type\":\"ImageObject\",\"inLanguage\":\"es\",\"@id\":\"https:\/\/interpolitico.com\/inicio\/comfacesar-firmo-convenio-con-la-institucion-universitaria-de-envigado-para-impulsar-la-educacion-superior\/#primaryimage\",\"url\":\"https:\/\/interpolitico.com\/inicio\/wp-content\/uploads\/2026\/09\/Comfacesarenvigado.jpg\",\"contentUrl\":\"https:\/\/interpolitico.com\/inicio\/wp-content\/uploads\/2026\/09\/Comfacesarenvigado.jpg\",\"width\":1280,\"height\":960},{\"@type\":\"BreadcrumbList\",\"@id\":\"https:\/\/interpolitico.com\/inicio\/comfacesar-firmo-convenio-con-la-institucion-universitaria-de-envigado-para-impulsar-la-educacion-superior\/#breadcrumb\",\"itemListElement\":[{\"@type\":\"ListItem\",\"position\":1,\"name\":\"Portada\",\"item\":\"https:\/\/interpolitico.com\/inicio\/\"},{\"@type\":\"ListItem\",\"position\":2,\"name\":\"Comfacesar firm\u00f3 convenio con la Instituci\u00f3n Universitaria de Envigado para impulsar la educaci\u00f3n superior\"}]},{\"@type\":\"WebSite\",\"@id\":\"https:\/\/interpolitico.com\/inicio\/#website\",\"url\":\"https:\/\/interpolitico.com\/inicio\/\",\"name\":\"InterPolitico\",\"description\":\"\",\"publisher\":{\"@id\":\"https:\/\/interpolitico.com\/inicio\/#organization\"},\"potentialAction\":[{\"@type\":\"SearchAction\",\"target\":{\"@type\":\"EntryPoint\",\"urlTemplate\":\"https:\/\/interpolitico.com\/inicio\/?s={search_term_string}\"},\"query-input\":{\"@type\":\"PropertyValueSpecification\",\"valueRequired\":true,\"valueName\":\"search_term_string\"}}],\"inLanguage\":\"es\"},{\"@type\":\"Organization\",\"@id\":\"https:\/\/interpolitico.com\/inicio\/#organization\",\"name\":\"Interpolitico.com\",\"url\":\"https:\/\/interpolitico.com\/inicio\/\",\"logo\":{\"@type\":\"ImageObject\",\"inLanguage\":\"es\",\"@id\":\"https:\/\/interpolitico.com\/inicio\/#\/schema\/logo\/image\/\",\"url\":\"http:\/\/interpolitico.com\/inicio\/wp-content\/uploads\/2020\/05\/logo.jpg\",\"contentUrl\":\"http:\/\/interpolitico.com\/inicio\/wp-content\/uploads\/2020\/05\/logo.jpg\",\"width\":460,\"height\":73,\"caption\":\"Interpolitico.com\"},\"image\":{\"@id\":\"https:\/\/interpolitico.com\/inicio\/#\/schema\/logo\/image\/\"},\"sameAs\":[\"https:\/\/www.facebook.com\/interpolitico\/\",\"https:\/\/x.com\/Interpolitico\",\"https:\/\/www.instagram.com\/interpolitico\/\"]},{\"@type\":\"Person\",\"@id\":\"https:\/\/interpolitico.com\/inicio\/#\/schema\/person\/1a1ac87c05d0e64a550b63f4684b755e\",\"name\":\"paul\",\"image\":{\"@type\":\"ImageObject\",\"inLanguage\":\"es\",\"@id\":\"https:\/\/interpolitico.com\/inicio\/#\/schema\/person\/image\/\",\"url\":\"https:\/\/secure.gravatar.com\/avatar\/f707412d5911be897c7b23a0119e1817?s=96&d=mm&r=g\",\"contentUrl\":\"https:\/\/secure.gravatar.com\/avatar\/f707412d5911be897c7b23a0119e1817?s=96&d=mm&r=g\",\"caption\":\"paul\"},\"url\":\"https:\/\/interpolitico.com\/inicio\/author\/paul\/\"}]}<\/script>\n<!-- \/ Yoast SEO plugin. -->","yoast_head_json":{"title":"Comfacesar firm\u00f3 convenio con la Instituci\u00f3n Universitaria de Envigado para impulsar la educaci\u00f3n superior - InterPolitico","robots":{"index":"index","follow":"follow","max-snippet":"max-snippet:-1","max-image-preview":"max-image-preview:large","max-video-preview":"max-video-preview:-1"},"canonical":"https:\/\/interpolitico.com\/inicio\/comfacesar-firmo-convenio-con-la-institucion-universitaria-de-envigado-para-impulsar-la-educacion-superior\/","og_locale":"es_ES","og_type":"article","og_title":"Comfacesar firm\u00f3 convenio con la Instituci\u00f3n Universitaria de Envigado para impulsar la educaci\u00f3n superior - InterPolitico","og_description":"La Caja de Compensaci\u00f3n Familiar del Cesar, (COMFACESAR) firm\u00f3 un convenio interinstitucional con la Instituci\u00f3n Universitaria de Envigado para impulsar la formaci\u00f3n acad\u00e9mica, permitiendo de esta forma que los afiliados de las categor\u00edas A y B accedan a programas tecnol\u00f3gicos, de pregrado, especializaciones y maestr\u00edas de manera subsidiada. La alianza, denominada \u2018Alianza por el futuro\u2019, [&hellip;]","og_url":"https:\/\/interpolitico.com\/inicio\/comfacesar-firmo-convenio-con-la-institucion-universitaria-de-envigado-para-impulsar-la-educacion-superior\/","og_site_name":"InterPolitico","article_publisher":"https:\/\/www.facebook.com\/interpolitico\/","article_published_time":"2026-09-04T23:12:34+00:00","og_image":[{"url":"https:\/\/interpolitico.com\/inicio\/wp-content\/uploads\/2026\/09\/Comfacesarenvigado-650x488.jpg"}],"author":"paul","twitter_card":"summary_large_image","twitter_creator":"@Interpolitico","twitter_site":"@Interpolitico","twitter_misc":{"Escrito por":"paul","Tiempo de lectura":"3 minutos"},"schema":{"@context":"https:\/\/schema.org","@graph":[{"@type":"Article","@id":"https:\/\/interpolitico.com\/inicio\/comfacesar-firmo-convenio-con-la-institucion-universitaria-de-envigado-para-impulsar-la-educacion-superior\/#article","isPartOf":{"@id":"https:\/\/interpolitico.com\/inicio\/comfacesar-firmo-convenio-con-la-institucion-universitaria-de-envigado-para-impulsar-la-educacion-superior\/"},"author":{"name":"paul","@id":"https:\/\/interpolitico.com\/inicio\/#\/schema\/person\/1a1ac87c05d0e64a550b63f4684b755e"},"headline":"Comfacesar firm\u00f3 convenio con la Instituci\u00f3n Universitaria de Envigado para impulsar la educaci\u00f3n superior","datePublished":"2026-09-04T23:12:34+00:00","dateModified":"2026-09-04T23:12:34+00:00","mainEntityOfPage":{"@id":"https:\/\/interpolitico.com\/inicio\/comfacesar-firmo-convenio-con-la-institucion-universitaria-de-envigado-para-impulsar-la-educacion-superior\/"},"wordCount":558,"publisher":{"@id":"https:\/\/interpolitico.com\/inicio\/#organization"},"image":{"@id":"https:\/\/interpolitico.com\/inicio\/comfacesar-firmo-convenio-con-la-institucion-universitaria-de-envigado-para-impulsar-la-educacion-superior\/#primaryimage"},"thumbnailUrl":"https:\/\/interpolitico.com\/inicio\/wp-content\/uploads\/2026\/09\/Comfacesarenvigado-650x488.jpg","articleSection":["Politica"],"inLanguage":"es"},{"@type":"WebPage","@id":"https:\/\/interpolitico.com\/inicio\/comfacesar-firmo-convenio-con-la-institucion-universitaria-de-envigado-para-impulsar-la-educacion-superior\/","url":"https:\/\/interpolitico.com\/inicio\/comfacesar-firmo-convenio-con-la-institucion-universitaria-de-envigado-para-impulsar-la-educacion-superior\/","name":"Comfacesar firm\u00f3 convenio con la Instituci\u00f3n Universitaria de Envigado para impulsar la educaci\u00f3n superior - InterPolitico","isPartOf":{"@id":"https:\/\/interpolitico.com\/inicio\/#website"},"primaryImageOfPage":{"@id":"https:\/\/interpolitico.com\/inicio\/comfacesar-firmo-convenio-con-la-institucion-universitaria-de-envigado-para-impulsar-la-educacion-superior\/#primaryimage"},"image":{"@id":"https:\/\/interpolitico.com\/inicio\/comfacesar-firmo-convenio-con-la-institucion-universitaria-de-envigado-para-impulsar-la-educacion-superior\/#primaryimage"},"thumbnailUrl":"https:\/\/interpolitico.com\/inicio\/wp-content\/uploads\/2026\/09\/Comfacesarenvigado-650x488.jpg","datePublished":"2026-09-04T23:12:34+00:00","dateModified":"2026-09-04T23:12:34+00:00","breadcrumb":{"@id":"https:\/\/interpolitico.com\/inicio\/comfacesar-firmo-convenio-con-la-institucion-universitaria-de-envigado-para-impulsar-la-educacion-superior\/#breadcrumb"},"inLanguage":"es","potentialAction":[{"@type":"ReadAction","target":["https:\/\/interpolitico.com\/inicio\/comfacesar-firmo-convenio-con-la-institucion-universitaria-de-envigado-para-impulsar-la-educacion-superior\/"]}]},{"@type":"ImageObject","inLanguage":"es","@id":"https:\/\/interpolitico.com\/inicio\/comfacesar-firmo-convenio-con-la-institucion-universitaria-de-envigado-para-impulsar-la-educacion-superior\/#primaryimage","url":"https:\/\/interpolitico.com\/inicio\/wp-content\/uploads\/2026\/09\/Comfacesarenvigado.jpg","contentUrl":"https:\/\/interpolitico.com\/inicio\/wp-content\/uploads\/2026\/09\/Comfacesarenvigado.jpg","width":1280,"height":960},{"@type":"BreadcrumbList","@id":"https:\/\/interpolitico.com\/inicio\/comfacesar-firmo-convenio-con-la-institucion-universitaria-de-envigado-para-impulsar-la-educacion-superior\/#breadcrumb","itemListElement":[{"@type":"ListItem","position":1,"name":"Portada","item":"https:\/\/interpolitico.com\/inicio\/"},{"@type":"ListItem","position":2,"name":"Comfacesar firm\u00f3 convenio con la Instituci\u00f3n Universitaria de Envigado para impulsar la educaci\u00f3n superior"}]},{"@type":"WebSite","@id":"https:\/\/interpolitico.com\/inicio\/#website","url":"https:\/\/interpolitico.com\/inicio\/","name":"InterPolitico","description":"","publisher":{"@id":"https:\/\/interpolitico.com\/inicio\/#organization"},"potentialAction":[{"@type":"SearchAction","target":{"@type":"EntryPoint","urlTemplate":"https:\/\/interpolitico.com\/inicio\/?s={search_term_string}"},"query-input":{"@type":"PropertyValueSpecification","valueRequired":true,"valueName":"search_term_string"}}],"inLanguage":"es"},{"@type":"Organization","@id":"https:\/\/interpolitico.com\/inicio\/#organization","name":"Interpolitico.com","url":"https:\/\/interpolitico.com\/inicio\/","logo":{"@type":"ImageObject","inLanguage":"es","@id":"https:\/\/interpolitico.com\/inicio\/#\/schema\/logo\/image\/","url":"http:\/\/interpolitico.com\/inicio\/wp-content\/uploads\/2020\/05\/logo.jpg","contentUrl":"http:\/\/interpolitico.com\/inicio\/wp-content\/uploads\/2020\/05\/logo.jpg","width":460,"height":73,"caption":"Interpolitico.com"},"image":{"@id":"https:\/\/interpolitico.com\/inicio\/#\/schema\/logo\/image\/"},"sameAs":["https:\/\/www.facebook.com\/interpolitico\/","https:\/\/x.com\/Interpolitico","https:\/\/www.instagram.com\/interpolitico\/"]},{"@type":"Person","@id":"https:\/\/interpolitico.com\/inicio\/#\/schema\/person\/1a1ac87c05d0e64a550b63f4684b755e","name":"paul","image":{"@type":"ImageObject","inLanguage":"es","@id":"https:\/\/interpolitico.com\/inicio\/#\/schema\/person\/image\/","url":"https:\/\/secure.gravatar.com\/avatar\/f707412d5911be897c7b23a0119e1817?s=96&d=mm&r=g","contentUrl":"https:\/\/secure.gravatar.com\/avatar\/f707412d5911be897c7b23a0119e1817?s=96&d=mm&r=g","caption":"paul"},"url":"https:\/\/interpolitico.com\/inicio\/author\/paul\/"}]}},"_links":{"self":[{"href":"https:\/\/interpolitico.com\/inicio\/wp-json\/wp\/v2\/posts\/50381"}],"collection":[{"href":"https:\/\/interpolitico.com\/inicio\/wp-json\/wp\/v2\/posts"}],"about":[{"href":"https:\/\/interpolitico.com\/inicio\/wp-json\/wp\/v2\/types\/post"}],"author":[{"embeddable":true,"href":"https:\/\/interpolitico.com\/inicio\/wp-json\/wp\/v2\/users\/2"}],"replies":[{"embeddable":true,"href":"https:\/\/interpolitico.com\/inicio\/wp-json\/wp\/v2\/comments?post=50381"}],"version-history":[{"count":1,"href":"https:\/\/interpolitico.com\/inicio\/wp-json\/wp\/v2\/posts\/50381\/revisions"}],"predecessor-version":[{"id":50383,"href":"https:\/\/interpolitico.com\/inicio\/wp-json\/wp\/v2\/posts\/50381\/revisions\/50383"}],"wp:attachment":[{"href":"https:\/\/interpolitico.com\/inicio\/wp-json\/wp\/v2\/media?parent=50381"}],"wp:term":[{"taxonomy":"category","embeddable":true,"href":"https:\/\/interpolitico.com\/inicio\/wp-json\/wp\/v2\/categories?post=50381"},{"taxonomy":"post_tag","embeddable":true,"href":"https:\/\/interpolitico.com\/inicio\/wp-json\/wp\/v2\/tags?post=50381"}],"curies":[{"name":"wp","href":"https:\/\/api.w.org\/{rel}","templated":true}]}}