{"id":50374,"date":"2026-09-04T06:40:58","date_gmt":"2026-09-04T11:40:58","guid":{"rendered":"https:\/\/interpolitico.com\/inicio\/?p=50374"},"modified":"2026-09-04T06:40:58","modified_gmt":"2026-09-04T11:40:58","slug":"abatidos-bendito-menor-su-bebecita-y-dos-escoltas-en-los-olivos-en-riohacha","status":"publish","type":"post","link":"https:\/\/interpolitico.com\/inicio\/abatidos-bendito-menor-su-bebecita-y-dos-escoltas-en-los-olivos-en-riohacha\/","title":{"rendered":"Abatidos \u2018Bendito Menor\u2019, su \u2018Bebecita\u2019 y dos escoltas en Los Olivos en Riohacha"},"content":{"rendered":"\n<p>Comandos especiales de la Polic\u00eda Nacional dieron de baja a Na\u00edn Andr\u00e9s P\u00e9rez Toncel, alias \u2018Na\u00edn\u2019 o \u2018Bendito Menor\u2019, m\u00e1ximo cabecilla de las Autodefensas Conquistadoras de la Sierra Nevada (ACSN) en el departamento de La Guajira.<\/p>\n\n\n\n<p>Durante el operativo de alta precisi\u00f3n, desplegado en el barrio Los Olivos de Riohacha, tambi\u00e9n perdieron la vida su compa\u00f1era sentimental, Rosa Ang\u00e9lica Tarazona, conocida como \u2018La Bebesita\u2019, y dos de sus escoltas tras un fuerte enfrentamiento.<\/p>\n\n\n\n<p>Alias \u2018Bendito Menor\u2019 se consolidaba como uno de los objetivos de alto valor m\u00e1s buscados por el Gobierno Nacional, que ofrec\u00eda una recompensa de hasta 500 millones de pesos por informaci\u00f3n que permitiera su ubicaci\u00f3n.<\/p>\n\n\n\n<p>El l\u00edder criminal acumulaba un extenso prontuario judicial con acusaciones directas por extorsi\u00f3n, homicidios selectivos y narcotr\u00e1fico, concentrando su accionar delictivo en el norte del pa\u00eds.<\/p>\n\n\n\n<p>Esta baja se suma a la fuerte ofensiva que las Fuerzas Militares y de Polic\u00eda sostienen en la regi\u00f3n, la cual deja un saldo de m\u00e1s de 30 combatientes de esta estructura ilegal dados de baja en la \u00faltima semana.<\/p>\n\n\n\n<figure class=\"wp-block-image size-large\"><a href=\"https:\/\/interpolitico.com\/inicio\/wp-content\/uploads\/2026\/09\/Benditomenor.jpg\"><img loading=\"lazy\" decoding=\"async\" width=\"650\" height=\"489\" src=\"https:\/\/interpolitico.com\/inicio\/wp-content\/uploads\/2026\/09\/Benditomenor-650x489.jpg\" alt=\"\" class=\"wp-image-50375\" srcset=\"https:\/\/interpolitico.com\/inicio\/wp-content\/uploads\/2026\/09\/Benditomenor-650x489.jpg 650w, https:\/\/interpolitico.com\/inicio\/wp-content\/uploads\/2026\/09\/Benditomenor-400x301.jpg 400w, https:\/\/interpolitico.com\/inicio\/wp-content\/uploads\/2026\/09\/Benditomenor-250x188.jpg 250w, https:\/\/interpolitico.com\/inicio\/wp-content\/uploads\/2026\/09\/Benditomenor-768x578.jpg 768w, https:\/\/interpolitico.com\/inicio\/wp-content\/uploads\/2026\/09\/Benditomenor-150x113.jpg 150w, https:\/\/interpolitico.com\/inicio\/wp-content\/uploads\/2026\/09\/Benditomenor-800x602.jpg 800w, https:\/\/interpolitico.com\/inicio\/wp-content\/uploads\/2026\/09\/Benditomenor.jpg 1076w\" sizes=\"(max-width: 650px) 100vw, 650px\" \/><\/a><\/figure>\n","protected":false},"excerpt":{"rendered":"<p>Comandos especiales de la Polic\u00eda Nacional dieron de baja a Na\u00edn Andr\u00e9s P\u00e9rez Toncel, alias \u2018Na\u00edn\u2019 o \u2018Bendito Menor\u2019, m\u00e1ximo cabecilla de las Autodefensas Conquistadoras de la Sierra Nevada (ACSN) en el departamento de La Guajira. Durante el operativo de alta precisi\u00f3n, desplegado en el barrio Los Olivos de Riohacha, tambi\u00e9n perdieron la vida su [&hellip;]<\/p>\n","protected":false},"author":2,"featured_media":0,"comment_status":"closed","ping_status":"","sticky":false,"template":"","format":"standard","meta":{"footnotes":""},"categories":[1],"tags":[],"yoast_head":"<!-- This site is optimized with the Yoast SEO plugin v23.5 - https:\/\/yoast.com\/wordpress\/plugins\/seo\/ -->\n<title>Abatidos \u2018Bendito Menor\u2019, su \u2018Bebecita\u2019 y dos escoltas en Los Olivos en Riohacha - InterPolitico<\/title>\n<meta name=\"robots\" content=\"index, follow, max-snippet:-1, max-image-preview:large, max-video-preview:-1\" \/>\n<link rel=\"canonical\" href=\"https:\/\/interpolitico.com\/inicio\/abatidos-bendito-menor-su-bebecita-y-dos-escoltas-en-los-olivos-en-riohacha\/\" \/>\n<meta property=\"og:locale\" content=\"es_ES\" \/>\n<meta property=\"og:type\" content=\"article\" \/>\n<meta property=\"og:title\" content=\"Abatidos \u2018Bendito Menor\u2019, su \u2018Bebecita\u2019 y dos escoltas en Los Olivos en Riohacha - InterPolitico\" \/>\n<meta property=\"og:description\" content=\"Comandos especiales de la Polic\u00eda Nacional dieron de baja a Na\u00edn Andr\u00e9s P\u00e9rez Toncel, alias \u2018Na\u00edn\u2019 o \u2018Bendito Menor\u2019, m\u00e1ximo cabecilla de las Autodefensas Conquistadoras de la Sierra Nevada (ACSN) en el departamento de La Guajira. Durante el operativo de alta precisi\u00f3n, desplegado en el barrio Los Olivos de Riohacha, tambi\u00e9n perdieron la vida su [&hellip;]\" \/>\n<meta property=\"og:url\" content=\"https:\/\/interpolitico.com\/inicio\/abatidos-bendito-menor-su-bebecita-y-dos-escoltas-en-los-olivos-en-riohacha\/\" \/>\n<meta property=\"og:site_name\" content=\"InterPolitico\" \/>\n<meta property=\"article:publisher\" content=\"https:\/\/www.facebook.com\/interpolitico\/\" \/>\n<meta property=\"article:published_time\" content=\"2026-09-04T11:40:58+00:00\" \/>\n<meta property=\"og:image\" content=\"https:\/\/interpolitico.com\/inicio\/wp-content\/uploads\/2026\/09\/Benditomenor-650x489.jpg\" \/>\n<meta name=\"author\" content=\"paul\" \/>\n<meta name=\"twitter:card\" content=\"summary_large_image\" \/>\n<meta name=\"twitter:creator\" content=\"@Interpolitico\" \/>\n<meta name=\"twitter:site\" content=\"@Interpolitico\" \/>\n<meta name=\"twitter:label1\" content=\"Escrito por\" \/>\n\t<meta name=\"twitter:data1\" content=\"paul\" \/>\n\t<meta name=\"twitter:label2\" content=\"Tiempo de lectura\" \/>\n\t<meta name=\"twitter:data2\" content=\"1 minuto\" \/>\n<script type=\"application\/ld+json\" class=\"yoast-schema-graph\">{\"@context\":\"https:\/\/schema.org\",\"@graph\":[{\"@type\":\"Article\",\"@id\":\"https:\/\/interpolitico.com\/inicio\/abatidos-bendito-menor-su-bebecita-y-dos-escoltas-en-los-olivos-en-riohacha\/#article\",\"isPartOf\":{\"@id\":\"https:\/\/interpolitico.com\/inicio\/abatidos-bendito-menor-su-bebecita-y-dos-escoltas-en-los-olivos-en-riohacha\/\"},\"author\":{\"name\":\"paul\",\"@id\":\"https:\/\/interpolitico.com\/inicio\/#\/schema\/person\/1a1ac87c05d0e64a550b63f4684b755e\"},\"headline\":\"Abatidos \u2018Bendito Menor\u2019, su \u2018Bebecita\u2019 y dos escoltas en Los Olivos en Riohacha\",\"datePublished\":\"2026-09-04T11:40:58+00:00\",\"dateModified\":\"2026-09-04T11:40:58+00:00\",\"mainEntityOfPage\":{\"@id\":\"https:\/\/interpolitico.com\/inicio\/abatidos-bendito-menor-su-bebecita-y-dos-escoltas-en-los-olivos-en-riohacha\/\"},\"wordCount\":206,\"publisher\":{\"@id\":\"https:\/\/interpolitico.com\/inicio\/#organization\"},\"image\":{\"@id\":\"https:\/\/interpolitico.com\/inicio\/abatidos-bendito-menor-su-bebecita-y-dos-escoltas-en-los-olivos-en-riohacha\/#primaryimage\"},\"thumbnailUrl\":\"https:\/\/interpolitico.com\/inicio\/wp-content\/uploads\/2026\/09\/Benditomenor-650x489.jpg\",\"articleSection\":[\"Politica\"],\"inLanguage\":\"es\"},{\"@type\":\"WebPage\",\"@id\":\"https:\/\/interpolitico.com\/inicio\/abatidos-bendito-menor-su-bebecita-y-dos-escoltas-en-los-olivos-en-riohacha\/\",\"url\":\"https:\/\/interpolitico.com\/inicio\/abatidos-bendito-menor-su-bebecita-y-dos-escoltas-en-los-olivos-en-riohacha\/\",\"name\":\"Abatidos \u2018Bendito Menor\u2019, su \u2018Bebecita\u2019 y dos escoltas en Los Olivos en Riohacha - InterPolitico\",\"isPartOf\":{\"@id\":\"https:\/\/interpolitico.com\/inicio\/#website\"},\"primaryImageOfPage\":{\"@id\":\"https:\/\/interpolitico.com\/inicio\/abatidos-bendito-menor-su-bebecita-y-dos-escoltas-en-los-olivos-en-riohacha\/#primaryimage\"},\"image\":{\"@id\":\"https:\/\/interpolitico.com\/inicio\/abatidos-bendito-menor-su-bebecita-y-dos-escoltas-en-los-olivos-en-riohacha\/#primaryimage\"},\"thumbnailUrl\":\"https:\/\/interpolitico.com\/inicio\/wp-content\/uploads\/2026\/09\/Benditomenor-650x489.jpg\",\"datePublished\":\"2026-09-04T11:40:58+00:00\",\"dateModified\":\"2026-09-04T11:40:58+00:00\",\"breadcrumb\":{\"@id\":\"https:\/\/interpolitico.com\/inicio\/abatidos-bendito-menor-su-bebecita-y-dos-escoltas-en-los-olivos-en-riohacha\/#breadcrumb\"},\"inLanguage\":\"es\",\"potentialAction\":[{\"@type\":\"ReadAction\",\"target\":[\"https:\/\/interpolitico.com\/inicio\/abatidos-bendito-menor-su-bebecita-y-dos-escoltas-en-los-olivos-en-riohacha\/\"]}]},{\"@type\":\"ImageObject\",\"inLanguage\":\"es\",\"@id\":\"https:\/\/interpolitico.com\/inicio\/abatidos-bendito-menor-su-bebecita-y-dos-escoltas-en-los-olivos-en-riohacha\/#primaryimage\",\"url\":\"https:\/\/interpolitico.com\/inicio\/wp-content\/uploads\/2026\/09\/Benditomenor.jpg\",\"contentUrl\":\"https:\/\/interpolitico.com\/inicio\/wp-content\/uploads\/2026\/09\/Benditomenor.jpg\",\"width\":1076,\"height\":810},{\"@type\":\"BreadcrumbList\",\"@id\":\"https:\/\/interpolitico.com\/inicio\/abatidos-bendito-menor-su-bebecita-y-dos-escoltas-en-los-olivos-en-riohacha\/#breadcrumb\",\"itemListElement\":[{\"@type\":\"ListItem\",\"position\":1,\"name\":\"Portada\",\"item\":\"https:\/\/interpolitico.com\/inicio\/\"},{\"@type\":\"ListItem\",\"position\":2,\"name\":\"Abatidos \u2018Bendito Menor\u2019, su \u2018Bebecita\u2019 y dos escoltas en Los Olivos en Riohacha\"}]},{\"@type\":\"WebSite\",\"@id\":\"https:\/\/interpolitico.com\/inicio\/#website\",\"url\":\"https:\/\/interpolitico.com\/inicio\/\",\"name\":\"InterPolitico\",\"description\":\"\",\"publisher\":{\"@id\":\"https:\/\/interpolitico.com\/inicio\/#organization\"},\"potentialAction\":[{\"@type\":\"SearchAction\",\"target\":{\"@type\":\"EntryPoint\",\"urlTemplate\":\"https:\/\/interpolitico.com\/inicio\/?s={search_term_string}\"},\"query-input\":{\"@type\":\"PropertyValueSpecification\",\"valueRequired\":true,\"valueName\":\"search_term_string\"}}],\"inLanguage\":\"es\"},{\"@type\":\"Organization\",\"@id\":\"https:\/\/interpolitico.com\/inicio\/#organization\",\"name\":\"Interpolitico.com\",\"url\":\"https:\/\/interpolitico.com\/inicio\/\",\"logo\":{\"@type\":\"ImageObject\",\"inLanguage\":\"es\",\"@id\":\"https:\/\/interpolitico.com\/inicio\/#\/schema\/logo\/image\/\",\"url\":\"http:\/\/interpolitico.com\/inicio\/wp-content\/uploads\/2020\/05\/logo.jpg\",\"contentUrl\":\"http:\/\/interpolitico.com\/inicio\/wp-content\/uploads\/2020\/05\/logo.jpg\",\"width\":460,\"height\":73,\"caption\":\"Interpolitico.com\"},\"image\":{\"@id\":\"https:\/\/interpolitico.com\/inicio\/#\/schema\/logo\/image\/\"},\"sameAs\":[\"https:\/\/www.facebook.com\/interpolitico\/\",\"https:\/\/x.com\/Interpolitico\",\"https:\/\/www.instagram.com\/interpolitico\/\"]},{\"@type\":\"Person\",\"@id\":\"https:\/\/interpolitico.com\/inicio\/#\/schema\/person\/1a1ac87c05d0e64a550b63f4684b755e\",\"name\":\"paul\",\"image\":{\"@type\":\"ImageObject\",\"inLanguage\":\"es\",\"@id\":\"https:\/\/interpolitico.com\/inicio\/#\/schema\/person\/image\/\",\"url\":\"https:\/\/secure.gravatar.com\/avatar\/f707412d5911be897c7b23a0119e1817?s=96&d=mm&r=g\",\"contentUrl\":\"https:\/\/secure.gravatar.com\/avatar\/f707412d5911be897c7b23a0119e1817?s=96&d=mm&r=g\",\"caption\":\"paul\"},\"url\":\"https:\/\/interpolitico.com\/inicio\/author\/paul\/\"}]}<\/script>\n<!-- \/ Yoast SEO plugin. -->","yoast_head_json":{"title":"Abatidos \u2018Bendito Menor\u2019, su \u2018Bebecita\u2019 y dos escoltas en Los Olivos en Riohacha - InterPolitico","robots":{"index":"index","follow":"follow","max-snippet":"max-snippet:-1","max-image-preview":"max-image-preview:large","max-video-preview":"max-video-preview:-1"},"canonical":"https:\/\/interpolitico.com\/inicio\/abatidos-bendito-menor-su-bebecita-y-dos-escoltas-en-los-olivos-en-riohacha\/","og_locale":"es_ES","og_type":"article","og_title":"Abatidos \u2018Bendito Menor\u2019, su \u2018Bebecita\u2019 y dos escoltas en Los Olivos en Riohacha - InterPolitico","og_description":"Comandos especiales de la Polic\u00eda Nacional dieron de baja a Na\u00edn Andr\u00e9s P\u00e9rez Toncel, alias \u2018Na\u00edn\u2019 o \u2018Bendito Menor\u2019, m\u00e1ximo cabecilla de las Autodefensas Conquistadoras de la Sierra Nevada (ACSN) en el departamento de La Guajira. Durante el operativo de alta precisi\u00f3n, desplegado en el barrio Los Olivos de Riohacha, tambi\u00e9n perdieron la vida su [&hellip;]","og_url":"https:\/\/interpolitico.com\/inicio\/abatidos-bendito-menor-su-bebecita-y-dos-escoltas-en-los-olivos-en-riohacha\/","og_site_name":"InterPolitico","article_publisher":"https:\/\/www.facebook.com\/interpolitico\/","article_published_time":"2026-09-04T11:40:58+00:00","og_image":[{"url":"https:\/\/interpolitico.com\/inicio\/wp-content\/uploads\/2026\/09\/Benditomenor-650x489.jpg"}],"author":"paul","twitter_card":"summary_large_image","twitter_creator":"@Interpolitico","twitter_site":"@Interpolitico","twitter_misc":{"Escrito por":"paul","Tiempo de lectura":"1 minuto"},"schema":{"@context":"https:\/\/schema.org","@graph":[{"@type":"Article","@id":"https:\/\/interpolitico.com\/inicio\/abatidos-bendito-menor-su-bebecita-y-dos-escoltas-en-los-olivos-en-riohacha\/#article","isPartOf":{"@id":"https:\/\/interpolitico.com\/inicio\/abatidos-bendito-menor-su-bebecita-y-dos-escoltas-en-los-olivos-en-riohacha\/"},"author":{"name":"paul","@id":"https:\/\/interpolitico.com\/inicio\/#\/schema\/person\/1a1ac87c05d0e64a550b63f4684b755e"},"headline":"Abatidos \u2018Bendito Menor\u2019, su \u2018Bebecita\u2019 y dos escoltas en Los Olivos en Riohacha","datePublished":"2026-09-04T11:40:58+00:00","dateModified":"2026-09-04T11:40:58+00:00","mainEntityOfPage":{"@id":"https:\/\/interpolitico.com\/inicio\/abatidos-bendito-menor-su-bebecita-y-dos-escoltas-en-los-olivos-en-riohacha\/"},"wordCount":206,"publisher":{"@id":"https:\/\/interpolitico.com\/inicio\/#organization"},"image":{"@id":"https:\/\/interpolitico.com\/inicio\/abatidos-bendito-menor-su-bebecita-y-dos-escoltas-en-los-olivos-en-riohacha\/#primaryimage"},"thumbnailUrl":"https:\/\/interpolitico.com\/inicio\/wp-content\/uploads\/2026\/09\/Benditomenor-650x489.jpg","articleSection":["Politica"],"inLanguage":"es"},{"@type":"WebPage","@id":"https:\/\/interpolitico.com\/inicio\/abatidos-bendito-menor-su-bebecita-y-dos-escoltas-en-los-olivos-en-riohacha\/","url":"https:\/\/interpolitico.com\/inicio\/abatidos-bendito-menor-su-bebecita-y-dos-escoltas-en-los-olivos-en-riohacha\/","name":"Abatidos \u2018Bendito Menor\u2019, su \u2018Bebecita\u2019 y dos escoltas en Los Olivos en Riohacha - InterPolitico","isPartOf":{"@id":"https:\/\/interpolitico.com\/inicio\/#website"},"primaryImageOfPage":{"@id":"https:\/\/interpolitico.com\/inicio\/abatidos-bendito-menor-su-bebecita-y-dos-escoltas-en-los-olivos-en-riohacha\/#primaryimage"},"image":{"@id":"https:\/\/interpolitico.com\/inicio\/abatidos-bendito-menor-su-bebecita-y-dos-escoltas-en-los-olivos-en-riohacha\/#primaryimage"},"thumbnailUrl":"https:\/\/interpolitico.com\/inicio\/wp-content\/uploads\/2026\/09\/Benditomenor-650x489.jpg","datePublished":"2026-09-04T11:40:58+00:00","dateModified":"2026-09-04T11:40:58+00:00","breadcrumb":{"@id":"https:\/\/interpolitico.com\/inicio\/abatidos-bendito-menor-su-bebecita-y-dos-escoltas-en-los-olivos-en-riohacha\/#breadcrumb"},"inLanguage":"es","potentialAction":[{"@type":"ReadAction","target":["https:\/\/interpolitico.com\/inicio\/abatidos-bendito-menor-su-bebecita-y-dos-escoltas-en-los-olivos-en-riohacha\/"]}]},{"@type":"ImageObject","inLanguage":"es","@id":"https:\/\/interpolitico.com\/inicio\/abatidos-bendito-menor-su-bebecita-y-dos-escoltas-en-los-olivos-en-riohacha\/#primaryimage","url":"https:\/\/interpolitico.com\/inicio\/wp-content\/uploads\/2026\/09\/Benditomenor.jpg","contentUrl":"https:\/\/interpolitico.com\/inicio\/wp-content\/uploads\/2026\/09\/Benditomenor.jpg","width":1076,"height":810},{"@type":"BreadcrumbList","@id":"https:\/\/interpolitico.com\/inicio\/abatidos-bendito-menor-su-bebecita-y-dos-escoltas-en-los-olivos-en-riohacha\/#breadcrumb","itemListElement":[{"@type":"ListItem","position":1,"name":"Portada","item":"https:\/\/interpolitico.com\/inicio\/"},{"@type":"ListItem","position":2,"name":"Abatidos \u2018Bendito Menor\u2019, su \u2018Bebecita\u2019 y dos escoltas en Los Olivos en Riohacha"}]},{"@type":"WebSite","@id":"https:\/\/interpolitico.com\/inicio\/#website","url":"https:\/\/interpolitico.com\/inicio\/","name":"InterPolitico","description":"","publisher":{"@id":"https:\/\/interpolitico.com\/inicio\/#organization"},"potentialAction":[{"@type":"SearchAction","target":{"@type":"EntryPoint","urlTemplate":"https:\/\/interpolitico.com\/inicio\/?s={search_term_string}"},"query-input":{"@type":"PropertyValueSpecification","valueRequired":true,"valueName":"search_term_string"}}],"inLanguage":"es"},{"@type":"Organization","@id":"https:\/\/interpolitico.com\/inicio\/#organization","name":"Interpolitico.com","url":"https:\/\/interpolitico.com\/inicio\/","logo":{"@type":"ImageObject","inLanguage":"es","@id":"https:\/\/interpolitico.com\/inicio\/#\/schema\/logo\/image\/","url":"http:\/\/interpolitico.com\/inicio\/wp-content\/uploads\/2020\/05\/logo.jpg","contentUrl":"http:\/\/interpolitico.com\/inicio\/wp-content\/uploads\/2020\/05\/logo.jpg","width":460,"height":73,"caption":"Interpolitico.com"},"image":{"@id":"https:\/\/interpolitico.com\/inicio\/#\/schema\/logo\/image\/"},"sameAs":["https:\/\/www.facebook.com\/interpolitico\/","https:\/\/x.com\/Interpolitico","https:\/\/www.instagram.com\/interpolitico\/"]},{"@type":"Person","@id":"https:\/\/interpolitico.com\/inicio\/#\/schema\/person\/1a1ac87c05d0e64a550b63f4684b755e","name":"paul","image":{"@type":"ImageObject","inLanguage":"es","@id":"https:\/\/interpolitico.com\/inicio\/#\/schema\/person\/image\/","url":"https:\/\/secure.gravatar.com\/avatar\/f707412d5911be897c7b23a0119e1817?s=96&d=mm&r=g","contentUrl":"https:\/\/secure.gravatar.com\/avatar\/f707412d5911be897c7b23a0119e1817?s=96&d=mm&r=g","caption":"paul"},"url":"https:\/\/interpolitico.com\/inicio\/author\/paul\/"}]}},"_links":{"self":[{"href":"https:\/\/interpolitico.com\/inicio\/wp-json\/wp\/v2\/posts\/50374"}],"collection":[{"href":"https:\/\/interpolitico.com\/inicio\/wp-json\/wp\/v2\/posts"}],"about":[{"href":"https:\/\/interpolitico.com\/inicio\/wp-json\/wp\/v2\/types\/post"}],"author":[{"embeddable":true,"href":"https:\/\/interpolitico.com\/inicio\/wp-json\/wp\/v2\/users\/2"}],"replies":[{"embeddable":true,"href":"https:\/\/interpolitico.com\/inicio\/wp-json\/wp\/v2\/comments?post=50374"}],"version-history":[{"count":1,"href":"https:\/\/interpolitico.com\/inicio\/wp-json\/wp\/v2\/posts\/50374\/revisions"}],"predecessor-version":[{"id":50376,"href":"https:\/\/interpolitico.com\/inicio\/wp-json\/wp\/v2\/posts\/50374\/revisions\/50376"}],"wp:attachment":[{"href":"https:\/\/interpolitico.com\/inicio\/wp-json\/wp\/v2\/media?parent=50374"}],"wp:term":[{"taxonomy":"category","embeddable":true,"href":"https:\/\/interpolitico.com\/inicio\/wp-json\/wp\/v2\/categories?post=50374"},{"taxonomy":"post_tag","embeddable":true,"href":"https:\/\/interpolitico.com\/inicio\/wp-json\/wp\/v2\/tags?post=50374"}],"curies":[{"name":"wp","href":"https:\/\/api.w.org\/{rel}","templated":true}]}}