{"id":50371,"date":"2026-09-02T01:51:40","date_gmt":"2026-09-02T06:51:40","guid":{"rendered":"https:\/\/interpolitico.com\/inicio\/?p=50371"},"modified":"2026-09-02T01:51:40","modified_gmt":"2026-09-02T06:51:40","slug":"corpocesar-realizo-jornada-de-aforo-liquido-en-fuentes-hidricas-del-cesar","status":"publish","type":"post","link":"https:\/\/interpolitico.com\/inicio\/corpocesar-realizo-jornada-de-aforo-liquido-en-fuentes-hidricas-del-cesar\/","title":{"rendered":"Corpocesar realiz\u00f3 jornada de aforo l\u00edquido en fuentes h\u00eddricas del Cesar"},"content":{"rendered":"\n<p>Corpocesar, a trav\u00e9s de la Coordinaci\u00f3n de Gesti\u00f3n Integral del Recurso H\u00eddrico, realiz\u00f3 una jornada de aforo l\u00edquido en diversas fuentes h\u00eddricas superficiales del departamento del Cesar.<\/p>\n\n\n\n<p>Durante esta actividad se llevaron a cabo mediciones de caudal en diferentes corrientes que abastecen acueductos municipales, corregimentales y veredales, con el prop\u00f3sito de monitorear la oferta h\u00eddrica y fortalecer la gesti\u00f3n del recurso en la regi\u00f3n.<\/p>\n\n\n\n<p>En el desarrollo de la jornada se evidenci\u00f3 una tendencia a la disminuci\u00f3n de caudales en varias de las fuentes evaluadas, situaci\u00f3n que podr\u00eda estar asociada a las condiciones clim\u00e1ticas actuales y a la posible consolidaci\u00f3n del fen\u00f3meno El Ni\u00f1o 2026\u20132027. No obstante, en algunos puntos tambi\u00e9n se registraron recuperaciones temporales en los niveles de agua.<\/p>\n\n\n\n<p>Asimismo, se identificaron afectaciones en algunas estructuras de captaci\u00f3n de acueductos, lo que podr\u00eda influir en el flujo natural del recurso, por lo cual se hace un llamado a los prestadores del servicio para realizar mantenimientos oportunos.<\/p>\n\n\n\n<p>Corpocesar continuar\u00e1 desarrollando estas jornadas de monitoreo con el fin de hacer seguimiento permanente a las condiciones del recurso h\u00eddrico y adoptar medidas que contribuyan a su uso sostenible en el departamento.<\/p>\n\n\n\n<figure class=\"wp-block-image size-large\"><a href=\"https:\/\/interpolitico.com\/inicio\/wp-content\/uploads\/2026\/09\/Corpocesarrecursos.jpg\"><img loading=\"lazy\" decoding=\"async\" width=\"650\" height=\"354\" src=\"https:\/\/interpolitico.com\/inicio\/wp-content\/uploads\/2026\/09\/Corpocesarrecursos-650x354.jpg\" alt=\"\" class=\"wp-image-50372\" srcset=\"https:\/\/interpolitico.com\/inicio\/wp-content\/uploads\/2026\/09\/Corpocesarrecursos-650x354.jpg 650w, https:\/\/interpolitico.com\/inicio\/wp-content\/uploads\/2026\/09\/Corpocesarrecursos-400x218.jpg 400w, https:\/\/interpolitico.com\/inicio\/wp-content\/uploads\/2026\/09\/Corpocesarrecursos-250x136.jpg 250w, https:\/\/interpolitico.com\/inicio\/wp-content\/uploads\/2026\/09\/Corpocesarrecursos-768x418.jpg 768w, https:\/\/interpolitico.com\/inicio\/wp-content\/uploads\/2026\/09\/Corpocesarrecursos-150x82.jpg 150w, https:\/\/interpolitico.com\/inicio\/wp-content\/uploads\/2026\/09\/Corpocesarrecursos-800x436.jpg 800w, https:\/\/interpolitico.com\/inicio\/wp-content\/uploads\/2026\/09\/Corpocesarrecursos-1200x654.jpg 1200w, https:\/\/interpolitico.com\/inicio\/wp-content\/uploads\/2026\/09\/Corpocesarrecursos.jpg 1250w\" sizes=\"(max-width: 650px) 100vw, 650px\" \/><\/a><\/figure>\n","protected":false},"excerpt":{"rendered":"<p>Corpocesar, a trav\u00e9s de la Coordinaci\u00f3n de Gesti\u00f3n Integral del Recurso H\u00eddrico, realiz\u00f3 una jornada de aforo l\u00edquido en diversas fuentes h\u00eddricas superficiales del departamento del Cesar. Durante esta actividad se llevaron a cabo mediciones de caudal en diferentes corrientes que abastecen acueductos municipales, corregimentales y veredales, con el prop\u00f3sito de monitorear la oferta h\u00eddrica [&hellip;]<\/p>\n","protected":false},"author":2,"featured_media":0,"comment_status":"closed","ping_status":"","sticky":false,"template":"","format":"standard","meta":{"footnotes":""},"categories":[1],"tags":[],"yoast_head":"<!-- This site is optimized with the Yoast SEO plugin v23.5 - https:\/\/yoast.com\/wordpress\/plugins\/seo\/ -->\n<title>Corpocesar realiz\u00f3 jornada de aforo l\u00edquido en fuentes h\u00eddricas del Cesar - InterPolitico<\/title>\n<meta name=\"robots\" content=\"index, follow, max-snippet:-1, max-image-preview:large, max-video-preview:-1\" \/>\n<link rel=\"canonical\" href=\"https:\/\/interpolitico.com\/inicio\/corpocesar-realizo-jornada-de-aforo-liquido-en-fuentes-hidricas-del-cesar\/\" \/>\n<meta property=\"og:locale\" content=\"es_ES\" \/>\n<meta property=\"og:type\" content=\"article\" \/>\n<meta property=\"og:title\" content=\"Corpocesar realiz\u00f3 jornada de aforo l\u00edquido en fuentes h\u00eddricas del Cesar - InterPolitico\" \/>\n<meta property=\"og:description\" content=\"Corpocesar, a trav\u00e9s de la Coordinaci\u00f3n de Gesti\u00f3n Integral del Recurso H\u00eddrico, realiz\u00f3 una jornada de aforo l\u00edquido en diversas fuentes h\u00eddricas superficiales del departamento del Cesar. Durante esta actividad se llevaron a cabo mediciones de caudal en diferentes corrientes que abastecen acueductos municipales, corregimentales y veredales, con el prop\u00f3sito de monitorear la oferta h\u00eddrica [&hellip;]\" \/>\n<meta property=\"og:url\" content=\"https:\/\/interpolitico.com\/inicio\/corpocesar-realizo-jornada-de-aforo-liquido-en-fuentes-hidricas-del-cesar\/\" \/>\n<meta property=\"og:site_name\" content=\"InterPolitico\" \/>\n<meta property=\"article:publisher\" content=\"https:\/\/www.facebook.com\/interpolitico\/\" \/>\n<meta property=\"article:published_time\" content=\"2026-09-02T06:51:40+00:00\" \/>\n<meta property=\"og:image\" content=\"https:\/\/interpolitico.com\/inicio\/wp-content\/uploads\/2026\/09\/Corpocesarrecursos-650x354.jpg\" \/>\n<meta name=\"author\" content=\"paul\" \/>\n<meta name=\"twitter:card\" content=\"summary_large_image\" \/>\n<meta name=\"twitter:creator\" content=\"@Interpolitico\" \/>\n<meta name=\"twitter:site\" content=\"@Interpolitico\" \/>\n<meta name=\"twitter:label1\" content=\"Escrito por\" \/>\n\t<meta name=\"twitter:data1\" content=\"paul\" \/>\n\t<meta name=\"twitter:label2\" content=\"Tiempo de lectura\" \/>\n\t<meta name=\"twitter:data2\" content=\"1 minuto\" \/>\n<script type=\"application\/ld+json\" class=\"yoast-schema-graph\">{\"@context\":\"https:\/\/schema.org\",\"@graph\":[{\"@type\":\"Article\",\"@id\":\"https:\/\/interpolitico.com\/inicio\/corpocesar-realizo-jornada-de-aforo-liquido-en-fuentes-hidricas-del-cesar\/#article\",\"isPartOf\":{\"@id\":\"https:\/\/interpolitico.com\/inicio\/corpocesar-realizo-jornada-de-aforo-liquido-en-fuentes-hidricas-del-cesar\/\"},\"author\":{\"name\":\"paul\",\"@id\":\"https:\/\/interpolitico.com\/inicio\/#\/schema\/person\/1a1ac87c05d0e64a550b63f4684b755e\"},\"headline\":\"Corpocesar realiz\u00f3 jornada de aforo l\u00edquido en fuentes h\u00eddricas del Cesar\",\"datePublished\":\"2026-09-02T06:51:40+00:00\",\"dateModified\":\"2026-09-02T06:51:40+00:00\",\"mainEntityOfPage\":{\"@id\":\"https:\/\/interpolitico.com\/inicio\/corpocesar-realizo-jornada-de-aforo-liquido-en-fuentes-hidricas-del-cesar\/\"},\"wordCount\":222,\"publisher\":{\"@id\":\"https:\/\/interpolitico.com\/inicio\/#organization\"},\"image\":{\"@id\":\"https:\/\/interpolitico.com\/inicio\/corpocesar-realizo-jornada-de-aforo-liquido-en-fuentes-hidricas-del-cesar\/#primaryimage\"},\"thumbnailUrl\":\"https:\/\/interpolitico.com\/inicio\/wp-content\/uploads\/2026\/09\/Corpocesarrecursos-650x354.jpg\",\"articleSection\":[\"Politica\"],\"inLanguage\":\"es\"},{\"@type\":\"WebPage\",\"@id\":\"https:\/\/interpolitico.com\/inicio\/corpocesar-realizo-jornada-de-aforo-liquido-en-fuentes-hidricas-del-cesar\/\",\"url\":\"https:\/\/interpolitico.com\/inicio\/corpocesar-realizo-jornada-de-aforo-liquido-en-fuentes-hidricas-del-cesar\/\",\"name\":\"Corpocesar realiz\u00f3 jornada de aforo l\u00edquido en fuentes h\u00eddricas del Cesar - InterPolitico\",\"isPartOf\":{\"@id\":\"https:\/\/interpolitico.com\/inicio\/#website\"},\"primaryImageOfPage\":{\"@id\":\"https:\/\/interpolitico.com\/inicio\/corpocesar-realizo-jornada-de-aforo-liquido-en-fuentes-hidricas-del-cesar\/#primaryimage\"},\"image\":{\"@id\":\"https:\/\/interpolitico.com\/inicio\/corpocesar-realizo-jornada-de-aforo-liquido-en-fuentes-hidricas-del-cesar\/#primaryimage\"},\"thumbnailUrl\":\"https:\/\/interpolitico.com\/inicio\/wp-content\/uploads\/2026\/09\/Corpocesarrecursos-650x354.jpg\",\"datePublished\":\"2026-09-02T06:51:40+00:00\",\"dateModified\":\"2026-09-02T06:51:40+00:00\",\"breadcrumb\":{\"@id\":\"https:\/\/interpolitico.com\/inicio\/corpocesar-realizo-jornada-de-aforo-liquido-en-fuentes-hidricas-del-cesar\/#breadcrumb\"},\"inLanguage\":\"es\",\"potentialAction\":[{\"@type\":\"ReadAction\",\"target\":[\"https:\/\/interpolitico.com\/inicio\/corpocesar-realizo-jornada-de-aforo-liquido-en-fuentes-hidricas-del-cesar\/\"]}]},{\"@type\":\"ImageObject\",\"inLanguage\":\"es\",\"@id\":\"https:\/\/interpolitico.com\/inicio\/corpocesar-realizo-jornada-de-aforo-liquido-en-fuentes-hidricas-del-cesar\/#primaryimage\",\"url\":\"https:\/\/interpolitico.com\/inicio\/wp-content\/uploads\/2026\/09\/Corpocesarrecursos.jpg\",\"contentUrl\":\"https:\/\/interpolitico.com\/inicio\/wp-content\/uploads\/2026\/09\/Corpocesarrecursos.jpg\",\"width\":1250,\"height\":681},{\"@type\":\"BreadcrumbList\",\"@id\":\"https:\/\/interpolitico.com\/inicio\/corpocesar-realizo-jornada-de-aforo-liquido-en-fuentes-hidricas-del-cesar\/#breadcrumb\",\"itemListElement\":[{\"@type\":\"ListItem\",\"position\":1,\"name\":\"Portada\",\"item\":\"https:\/\/interpolitico.com\/inicio\/\"},{\"@type\":\"ListItem\",\"position\":2,\"name\":\"Corpocesar realiz\u00f3 jornada de aforo l\u00edquido en fuentes h\u00eddricas del Cesar\"}]},{\"@type\":\"WebSite\",\"@id\":\"https:\/\/interpolitico.com\/inicio\/#website\",\"url\":\"https:\/\/interpolitico.com\/inicio\/\",\"name\":\"InterPolitico\",\"description\":\"\",\"publisher\":{\"@id\":\"https:\/\/interpolitico.com\/inicio\/#organization\"},\"potentialAction\":[{\"@type\":\"SearchAction\",\"target\":{\"@type\":\"EntryPoint\",\"urlTemplate\":\"https:\/\/interpolitico.com\/inicio\/?s={search_term_string}\"},\"query-input\":{\"@type\":\"PropertyValueSpecification\",\"valueRequired\":true,\"valueName\":\"search_term_string\"}}],\"inLanguage\":\"es\"},{\"@type\":\"Organization\",\"@id\":\"https:\/\/interpolitico.com\/inicio\/#organization\",\"name\":\"Interpolitico.com\",\"url\":\"https:\/\/interpolitico.com\/inicio\/\",\"logo\":{\"@type\":\"ImageObject\",\"inLanguage\":\"es\",\"@id\":\"https:\/\/interpolitico.com\/inicio\/#\/schema\/logo\/image\/\",\"url\":\"http:\/\/interpolitico.com\/inicio\/wp-content\/uploads\/2020\/05\/logo.jpg\",\"contentUrl\":\"http:\/\/interpolitico.com\/inicio\/wp-content\/uploads\/2020\/05\/logo.jpg\",\"width\":460,\"height\":73,\"caption\":\"Interpolitico.com\"},\"image\":{\"@id\":\"https:\/\/interpolitico.com\/inicio\/#\/schema\/logo\/image\/\"},\"sameAs\":[\"https:\/\/www.facebook.com\/interpolitico\/\",\"https:\/\/x.com\/Interpolitico\",\"https:\/\/www.instagram.com\/interpolitico\/\"]},{\"@type\":\"Person\",\"@id\":\"https:\/\/interpolitico.com\/inicio\/#\/schema\/person\/1a1ac87c05d0e64a550b63f4684b755e\",\"name\":\"paul\",\"image\":{\"@type\":\"ImageObject\",\"inLanguage\":\"es\",\"@id\":\"https:\/\/interpolitico.com\/inicio\/#\/schema\/person\/image\/\",\"url\":\"https:\/\/secure.gravatar.com\/avatar\/f707412d5911be897c7b23a0119e1817?s=96&d=mm&r=g\",\"contentUrl\":\"https:\/\/secure.gravatar.com\/avatar\/f707412d5911be897c7b23a0119e1817?s=96&d=mm&r=g\",\"caption\":\"paul\"},\"url\":\"https:\/\/interpolitico.com\/inicio\/author\/paul\/\"}]}<\/script>\n<!-- \/ Yoast SEO plugin. -->","yoast_head_json":{"title":"Corpocesar realiz\u00f3 jornada de aforo l\u00edquido en fuentes h\u00eddricas del Cesar - InterPolitico","robots":{"index":"index","follow":"follow","max-snippet":"max-snippet:-1","max-image-preview":"max-image-preview:large","max-video-preview":"max-video-preview:-1"},"canonical":"https:\/\/interpolitico.com\/inicio\/corpocesar-realizo-jornada-de-aforo-liquido-en-fuentes-hidricas-del-cesar\/","og_locale":"es_ES","og_type":"article","og_title":"Corpocesar realiz\u00f3 jornada de aforo l\u00edquido en fuentes h\u00eddricas del Cesar - InterPolitico","og_description":"Corpocesar, a trav\u00e9s de la Coordinaci\u00f3n de Gesti\u00f3n Integral del Recurso H\u00eddrico, realiz\u00f3 una jornada de aforo l\u00edquido en diversas fuentes h\u00eddricas superficiales del departamento del Cesar. Durante esta actividad se llevaron a cabo mediciones de caudal en diferentes corrientes que abastecen acueductos municipales, corregimentales y veredales, con el prop\u00f3sito de monitorear la oferta h\u00eddrica [&hellip;]","og_url":"https:\/\/interpolitico.com\/inicio\/corpocesar-realizo-jornada-de-aforo-liquido-en-fuentes-hidricas-del-cesar\/","og_site_name":"InterPolitico","article_publisher":"https:\/\/www.facebook.com\/interpolitico\/","article_published_time":"2026-09-02T06:51:40+00:00","og_image":[{"url":"https:\/\/interpolitico.com\/inicio\/wp-content\/uploads\/2026\/09\/Corpocesarrecursos-650x354.jpg"}],"author":"paul","twitter_card":"summary_large_image","twitter_creator":"@Interpolitico","twitter_site":"@Interpolitico","twitter_misc":{"Escrito por":"paul","Tiempo de lectura":"1 minuto"},"schema":{"@context":"https:\/\/schema.org","@graph":[{"@type":"Article","@id":"https:\/\/interpolitico.com\/inicio\/corpocesar-realizo-jornada-de-aforo-liquido-en-fuentes-hidricas-del-cesar\/#article","isPartOf":{"@id":"https:\/\/interpolitico.com\/inicio\/corpocesar-realizo-jornada-de-aforo-liquido-en-fuentes-hidricas-del-cesar\/"},"author":{"name":"paul","@id":"https:\/\/interpolitico.com\/inicio\/#\/schema\/person\/1a1ac87c05d0e64a550b63f4684b755e"},"headline":"Corpocesar realiz\u00f3 jornada de aforo l\u00edquido en fuentes h\u00eddricas del Cesar","datePublished":"2026-09-02T06:51:40+00:00","dateModified":"2026-09-02T06:51:40+00:00","mainEntityOfPage":{"@id":"https:\/\/interpolitico.com\/inicio\/corpocesar-realizo-jornada-de-aforo-liquido-en-fuentes-hidricas-del-cesar\/"},"wordCount":222,"publisher":{"@id":"https:\/\/interpolitico.com\/inicio\/#organization"},"image":{"@id":"https:\/\/interpolitico.com\/inicio\/corpocesar-realizo-jornada-de-aforo-liquido-en-fuentes-hidricas-del-cesar\/#primaryimage"},"thumbnailUrl":"https:\/\/interpolitico.com\/inicio\/wp-content\/uploads\/2026\/09\/Corpocesarrecursos-650x354.jpg","articleSection":["Politica"],"inLanguage":"es"},{"@type":"WebPage","@id":"https:\/\/interpolitico.com\/inicio\/corpocesar-realizo-jornada-de-aforo-liquido-en-fuentes-hidricas-del-cesar\/","url":"https:\/\/interpolitico.com\/inicio\/corpocesar-realizo-jornada-de-aforo-liquido-en-fuentes-hidricas-del-cesar\/","name":"Corpocesar realiz\u00f3 jornada de aforo l\u00edquido en fuentes h\u00eddricas del Cesar - InterPolitico","isPartOf":{"@id":"https:\/\/interpolitico.com\/inicio\/#website"},"primaryImageOfPage":{"@id":"https:\/\/interpolitico.com\/inicio\/corpocesar-realizo-jornada-de-aforo-liquido-en-fuentes-hidricas-del-cesar\/#primaryimage"},"image":{"@id":"https:\/\/interpolitico.com\/inicio\/corpocesar-realizo-jornada-de-aforo-liquido-en-fuentes-hidricas-del-cesar\/#primaryimage"},"thumbnailUrl":"https:\/\/interpolitico.com\/inicio\/wp-content\/uploads\/2026\/09\/Corpocesarrecursos-650x354.jpg","datePublished":"2026-09-02T06:51:40+00:00","dateModified":"2026-09-02T06:51:40+00:00","breadcrumb":{"@id":"https:\/\/interpolitico.com\/inicio\/corpocesar-realizo-jornada-de-aforo-liquido-en-fuentes-hidricas-del-cesar\/#breadcrumb"},"inLanguage":"es","potentialAction":[{"@type":"ReadAction","target":["https:\/\/interpolitico.com\/inicio\/corpocesar-realizo-jornada-de-aforo-liquido-en-fuentes-hidricas-del-cesar\/"]}]},{"@type":"ImageObject","inLanguage":"es","@id":"https:\/\/interpolitico.com\/inicio\/corpocesar-realizo-jornada-de-aforo-liquido-en-fuentes-hidricas-del-cesar\/#primaryimage","url":"https:\/\/interpolitico.com\/inicio\/wp-content\/uploads\/2026\/09\/Corpocesarrecursos.jpg","contentUrl":"https:\/\/interpolitico.com\/inicio\/wp-content\/uploads\/2026\/09\/Corpocesarrecursos.jpg","width":1250,"height":681},{"@type":"BreadcrumbList","@id":"https:\/\/interpolitico.com\/inicio\/corpocesar-realizo-jornada-de-aforo-liquido-en-fuentes-hidricas-del-cesar\/#breadcrumb","itemListElement":[{"@type":"ListItem","position":1,"name":"Portada","item":"https:\/\/interpolitico.com\/inicio\/"},{"@type":"ListItem","position":2,"name":"Corpocesar realiz\u00f3 jornada de aforo l\u00edquido en fuentes h\u00eddricas del Cesar"}]},{"@type":"WebSite","@id":"https:\/\/interpolitico.com\/inicio\/#website","url":"https:\/\/interpolitico.com\/inicio\/","name":"InterPolitico","description":"","publisher":{"@id":"https:\/\/interpolitico.com\/inicio\/#organization"},"potentialAction":[{"@type":"SearchAction","target":{"@type":"EntryPoint","urlTemplate":"https:\/\/interpolitico.com\/inicio\/?s={search_term_string}"},"query-input":{"@type":"PropertyValueSpecification","valueRequired":true,"valueName":"search_term_string"}}],"inLanguage":"es"},{"@type":"Organization","@id":"https:\/\/interpolitico.com\/inicio\/#organization","name":"Interpolitico.com","url":"https:\/\/interpolitico.com\/inicio\/","logo":{"@type":"ImageObject","inLanguage":"es","@id":"https:\/\/interpolitico.com\/inicio\/#\/schema\/logo\/image\/","url":"http:\/\/interpolitico.com\/inicio\/wp-content\/uploads\/2020\/05\/logo.jpg","contentUrl":"http:\/\/interpolitico.com\/inicio\/wp-content\/uploads\/2020\/05\/logo.jpg","width":460,"height":73,"caption":"Interpolitico.com"},"image":{"@id":"https:\/\/interpolitico.com\/inicio\/#\/schema\/logo\/image\/"},"sameAs":["https:\/\/www.facebook.com\/interpolitico\/","https:\/\/x.com\/Interpolitico","https:\/\/www.instagram.com\/interpolitico\/"]},{"@type":"Person","@id":"https:\/\/interpolitico.com\/inicio\/#\/schema\/person\/1a1ac87c05d0e64a550b63f4684b755e","name":"paul","image":{"@type":"ImageObject","inLanguage":"es","@id":"https:\/\/interpolitico.com\/inicio\/#\/schema\/person\/image\/","url":"https:\/\/secure.gravatar.com\/avatar\/f707412d5911be897c7b23a0119e1817?s=96&d=mm&r=g","contentUrl":"https:\/\/secure.gravatar.com\/avatar\/f707412d5911be897c7b23a0119e1817?s=96&d=mm&r=g","caption":"paul"},"url":"https:\/\/interpolitico.com\/inicio\/author\/paul\/"}]}},"_links":{"self":[{"href":"https:\/\/interpolitico.com\/inicio\/wp-json\/wp\/v2\/posts\/50371"}],"collection":[{"href":"https:\/\/interpolitico.com\/inicio\/wp-json\/wp\/v2\/posts"}],"about":[{"href":"https:\/\/interpolitico.com\/inicio\/wp-json\/wp\/v2\/types\/post"}],"author":[{"embeddable":true,"href":"https:\/\/interpolitico.com\/inicio\/wp-json\/wp\/v2\/users\/2"}],"replies":[{"embeddable":true,"href":"https:\/\/interpolitico.com\/inicio\/wp-json\/wp\/v2\/comments?post=50371"}],"version-history":[{"count":1,"href":"https:\/\/interpolitico.com\/inicio\/wp-json\/wp\/v2\/posts\/50371\/revisions"}],"predecessor-version":[{"id":50373,"href":"https:\/\/interpolitico.com\/inicio\/wp-json\/wp\/v2\/posts\/50371\/revisions\/50373"}],"wp:attachment":[{"href":"https:\/\/interpolitico.com\/inicio\/wp-json\/wp\/v2\/media?parent=50371"}],"wp:term":[{"taxonomy":"category","embeddable":true,"href":"https:\/\/interpolitico.com\/inicio\/wp-json\/wp\/v2\/categories?post=50371"},{"taxonomy":"post_tag","embeddable":true,"href":"https:\/\/interpolitico.com\/inicio\/wp-json\/wp\/v2\/tags?post=50371"}],"curies":[{"name":"wp","href":"https:\/\/api.w.org\/{rel}","templated":true}]}}