{"id":50368,"date":"2026-09-02T01:48:19","date_gmt":"2026-09-02T06:48:19","guid":{"rendered":"https:\/\/interpolitico.com\/inicio\/?p=50368"},"modified":"2026-09-02T01:48:19","modified_gmt":"2026-09-02T06:48:19","slug":"se-activo-respuesta-integral-para-reforzar-seguridad-de-policias-y-enfrentar-ofensiva-de-grupos-armados-en-el-cesar","status":"publish","type":"post","link":"https:\/\/interpolitico.com\/inicio\/se-activo-respuesta-integral-para-reforzar-seguridad-de-policias-y-enfrentar-ofensiva-de-grupos-armados-en-el-cesar\/","title":{"rendered":"Se activ\u00f3 respuesta integral para reforzar seguridad de polic\u00edas y enfrentar ofensiva de grupos armados en el Cesar"},"content":{"rendered":"\n<p>Frente a los recientes hechos de violencia y a la utilizaci\u00f3n de drones con capacidad ofensiva contra integrantes de la Fuerza P\u00fablica, la gobernadora del Cesar, Elvia Milena Sanjuan D\u00e1vila, anunci\u00f3 una serie de medidas orientadas a proteger la vida e integridad de los polic\u00edas, salvaguardar a la poblaci\u00f3n civil y fortalecer la capacidad de respuesta de las autoridades frente a los grupos armados y las estructuras del crimen organizado.<\/p>\n\n\n\n<p>En el Puesto de Mando Unificado (PMU), la gobernadora del Cesar ratific\u00f3 el respaldo total del Gobierno Departamental a la Fuerza P\u00fablica y se\u00f1al\u00f3 que el departamento debe avanzar con rapidez en medidas concretas que permitan enfrentar las nuevas modalidades de violencia que hoy amenazan a los municipios.<\/p>\n\n\n\n<p>\u201cTenemos que mostrar capacidad de respuesta ante la ofensiva de los grupos armados en el departamento del Cesar. Desde el Gobierno Departamental estamos acompa\u00f1ando a nuestra Fuerza P\u00fablica, pero tambi\u00e9n trabajando para proteger a la poblaci\u00f3n civil, especialmente a nuestros campesinos\u201d, se\u00f1al\u00f3 la gobernadora Sanjuan D\u00e1vila.<\/p>\n\n\n\n<p>Como una de las primeras acciones, la Gobernaci\u00f3n del Cesar dispuso el desplazamiento de cuatro equipos de la Oficina de Infraestructura, integrados por ingenieros, que ya se encuentran en territorio trabajando conjuntamente con las alcald\u00edas para realizar un diagn\u00f3stico de las condiciones de las estaciones de Polic\u00eda y determinar las obras necesarias para reducir su vulnerabilidad frente a ataques con drones.<\/p>\n\n\n\n<p>Entre las alternativas identificadas se encuentra la instalaci\u00f3n de mallas y sistemas de protecci\u00f3n en puntos estrat\u00e9gicos de las estaciones, de acuerdo con las condiciones particulares de cada infraestructura. Los alcaldes podr\u00e1n realizar estas inversiones con recursos del Fondo Cuenta de Seguridad, con el acompa\u00f1amiento t\u00e9cnico y administrativo de la Gobernaci\u00f3n del Cesar. Por su parte, el Gobierno Departamental asumir\u00e1 las intervenciones correspondientes en Valledupar, incluyendo la estaci\u00f3n departamental de Polic\u00eda, la Polic\u00eda Metropolitana y el Batall\u00f3n La Popa.<\/p>\n\n\n\n<p>La Gobernaci\u00f3n y las administraciones municipales estudiar\u00e1n, adem\u00e1s, diferentes mecanismos que permitan agilizar y ejecutar estas inversiones en el menor tiempo posible, teniendo como prioridad la protecci\u00f3n de los uniformados y de las comunidades que permanecen alrededor de estas instalaciones.<\/p>\n\n\n\n<p>M\u00e1s acciones y recompensas<\/p>\n\n\n\n<p>La gobernadora Elvia Milena Sanjuan D\u00e1vila tambi\u00e9n ratific\u00f3 la decisi\u00f3n de avanzar en la adquisici\u00f3n de elementos tecnol\u00f3gicos para contrarrestar la amenaza de drones utilizados por grupos irregulares, ante la necesidad de fortalecer la capacidad de respuesta de la Fuerza P\u00fablica en el territorio.<\/p>\n\n\n\n<p>Como parte de las medidas para desarticular esta modalidad criminal, la Gobernaci\u00f3n del Cesar anunci\u00f3 hasta $100 millones de recompensa por informaci\u00f3n que permita identificar y capturar a las personas responsables de maniobrar los drones utilizados en ataques contra la Fuerza P\u00fablica en cinco municipios del departamento.<\/p>\n\n\n\n<p>El llamado de la Gobernaci\u00f3n es a la ciudadan\u00eda para que suministre informaci\u00f3n a las autoridades y contribuya a ubicar a quienes utilizan esta tecnolog\u00eda para atentar contra polic\u00edas, soldados y comunidades.<\/p>\n\n\n\n<p>En el marco de la respuesta integral a la situaci\u00f3n de seguridad, ya se encuentra en Aguachica una Fuerza de Tarea Conjunta que desarrolla la Operaci\u00f3n Urano, bajo el mando del coronel Mario Andr\u00e9s D\u00edaz, con acciones dirigidas contra las estructuras del crimen organizado y los grupos armados que operan en esta zona del departamento. Entre las prioridades de esta operaci\u00f3n est\u00e1 el combate al robo de hidrocarburos, una actividad il\u00edcita que alimenta las finanzas de las organizaciones criminales.<\/p>\n\n\n\n<p>La respuesta a la inseguridad no se limitar\u00e1 a la acci\u00f3n operativa, la Gobernaci\u00f3n del Cesar anunci\u00f3 una agenda de trabajo con las instituciones responsables de la investigaci\u00f3n y judicializaci\u00f3n. Para esto se convocar\u00e1 una mesa de trabajo con jueces, y fiscales especializados en crimen organizado, la DIAN y la Agencia Nacional de Hidrocarburos, con el prop\u00f3sito de fortalecer la articulaci\u00f3n institucional y avanzar en acciones contra las econom\u00edas il\u00edcitas que financian a las estructuras criminales.<\/p>\n\n\n\n<p>De igual manera, se solicitar\u00e1 formalmente a la Fiscal\u00eda General de la Naci\u00f3n la creaci\u00f3n de un DECOC en Aguachica, con cobertura para todo el sur del Cesar, que permita fortalecer la investigaci\u00f3n y judicializaci\u00f3n de integrantes de bandas y organizaciones de delincuencia organizada.<\/p>\n\n\n\n<p>Como respuesta inmediata, la Fiscal\u00eda Seccional Cesar anunci\u00f3 la apertura de una URI en Aguachica, fortaleciendo la capacidad institucional para atender los hechos que afectan la seguridad ciudadana en el sur del departamento.<\/p>\n\n\n\n<p>Tambi\u00e9n se desarrollar\u00e1n encuentros con la Fiscal\u00eda y el Consejo Superior de la Judicatura para revisar mecanismos que permitan mejorar los procesos de judicializaci\u00f3n, la legalizaci\u00f3n de capturas y las herramientas jur\u00eddicas para enfrentar las estructuras criminales.<\/p>\n\n\n\n<p>Protecci\u00f3n a hidrocarburos<\/p>\n\n\n\n<p>La Gobernaci\u00f3n tambi\u00e9n impulsar\u00e1 una mesa de trabajo con las empresas que prestan servicios a Ecopetrol, con el objetivo de encontrar soluciones para la disposici\u00f3n de los veh\u00edculos inmovilizados o incautados por transporte de combustible robado del poliducto. La propuesta contempla avanzar en la designaci\u00f3n de patios para ubicar estos veh\u00edculos, as\u00ed como en mecanismos para realizar de manera segura y eficiente el trasiego del combustible encontrado en los automotores, evitando que las estaciones de Polic\u00eda y los batallones del sur del Cesar contin\u00faen asumiendo esta carga operativa y log\u00edstica.<\/p>\n\n\n\n<p>La Gobernaci\u00f3n del Cesar insisti\u00f3 en que la respuesta institucional debe ser contundente frente a los grupos armados, pero al mismo tiempo debe tener como principio fundamental la protecci\u00f3n de la poblaci\u00f3n.<\/p>\n\n\n\n<p>\u201cTenemos que enviar un mensaje de ofensiva, de capacidad de respuesta y de autoridad, pero salvaguardando siempre a la poblaci\u00f3n civil, especialmente a nuestros campesinos y a las comunidades que viven en las zonas donde operan estos grupos\u201d, enfatiz\u00f3 la gobernadora, Elvia Milena Sanjuan D\u00e1vila.<\/p>\n\n\n\n<p>El PMU cont\u00f3 con la participaci\u00f3n del coronel Ra\u00fal P\u00e9rez, comandante de la Polic\u00eda Cesar; el general Jos\u00e9 Benjam\u00edn Perdomo, comandante de la Primera Divisi\u00f3n del Ej\u00e9rcito; el coronel Carlos Alberto Olaya, comandante de la D\u00e9cima Brigada del Ej\u00e9rcito; alcaldes y secretarios de Gobierno de municipios del Cesar; Ronald Viecco, jefe seccional de la Fiscal\u00eda Cesar, adem\u00e1s de representantes de las Fuerzas Militares, la Polic\u00eda y dem\u00e1s autoridades.<\/p>\n\n\n\n<p>La gobernadora Sanjuan D\u00e1vila destac\u00f3 igualmente que, despu\u00e9s del Consejo de Seguridad con el presidente de la Rep\u00fablica y miembros del Gobierno Nacional, siguen ratificaron su respaldo al territorio, en una articulaci\u00f3n que permitir\u00e1 fortalecer las capacidades institucionales y de respuesta para enfrentar la actual situaci\u00f3n de seguridad en el Cesar.<\/p>\n\n\n\n<figure class=\"wp-block-image size-large\"><a href=\"https:\/\/interpolitico.com\/inicio\/wp-content\/uploads\/2026\/09\/Gobernadorapmu.jpg\"><img loading=\"lazy\" decoding=\"async\" width=\"650\" height=\"434\" src=\"https:\/\/interpolitico.com\/inicio\/wp-content\/uploads\/2026\/09\/Gobernadorapmu-650x434.jpg\" alt=\"\" class=\"wp-image-50369\" srcset=\"https:\/\/interpolitico.com\/inicio\/wp-content\/uploads\/2026\/09\/Gobernadorapmu-650x434.jpg 650w, https:\/\/interpolitico.com\/inicio\/wp-content\/uploads\/2026\/09\/Gobernadorapmu-400x267.jpg 400w, https:\/\/interpolitico.com\/inicio\/wp-content\/uploads\/2026\/09\/Gobernadorapmu-250x167.jpg 250w, https:\/\/interpolitico.com\/inicio\/wp-content\/uploads\/2026\/09\/Gobernadorapmu-768x512.jpg 768w, https:\/\/interpolitico.com\/inicio\/wp-content\/uploads\/2026\/09\/Gobernadorapmu-150x100.jpg 150w, https:\/\/interpolitico.com\/inicio\/wp-content\/uploads\/2026\/09\/Gobernadorapmu-800x534.jpg 800w, https:\/\/interpolitico.com\/inicio\/wp-content\/uploads\/2026\/09\/Gobernadorapmu-1200x801.jpg 1200w, https:\/\/interpolitico.com\/inicio\/wp-content\/uploads\/2026\/09\/Gobernadorapmu.jpg 1280w\" sizes=\"(max-width: 650px) 100vw, 650px\" \/><\/a><\/figure>\n","protected":false},"excerpt":{"rendered":"<p>Frente a los recientes hechos de violencia y a la utilizaci\u00f3n de drones con capacidad ofensiva contra integrantes de la Fuerza P\u00fablica, la gobernadora del Cesar, Elvia Milena Sanjuan D\u00e1vila, anunci\u00f3 una serie de medidas orientadas a proteger la vida e integridad de los polic\u00edas, salvaguardar a la poblaci\u00f3n civil y fortalecer la capacidad de [&hellip;]<\/p>\n","protected":false},"author":2,"featured_media":0,"comment_status":"closed","ping_status":"","sticky":false,"template":"","format":"standard","meta":{"footnotes":""},"categories":[1],"tags":[],"yoast_head":"<!-- This site is optimized with the Yoast SEO plugin v23.5 - https:\/\/yoast.com\/wordpress\/plugins\/seo\/ -->\n<title>Se activ\u00f3 respuesta integral para reforzar seguridad de polic\u00edas y enfrentar ofensiva de grupos armados en el Cesar - InterPolitico<\/title>\n<meta name=\"robots\" content=\"index, follow, max-snippet:-1, max-image-preview:large, max-video-preview:-1\" \/>\n<link rel=\"canonical\" href=\"https:\/\/interpolitico.com\/inicio\/se-activo-respuesta-integral-para-reforzar-seguridad-de-policias-y-enfrentar-ofensiva-de-grupos-armados-en-el-cesar\/\" \/>\n<meta property=\"og:locale\" content=\"es_ES\" \/>\n<meta property=\"og:type\" content=\"article\" \/>\n<meta property=\"og:title\" content=\"Se activ\u00f3 respuesta integral para reforzar seguridad de polic\u00edas y enfrentar ofensiva de grupos armados en el Cesar - InterPolitico\" \/>\n<meta property=\"og:description\" content=\"Frente a los recientes hechos de violencia y a la utilizaci\u00f3n de drones con capacidad ofensiva contra integrantes de la Fuerza P\u00fablica, la gobernadora del Cesar, Elvia Milena Sanjuan D\u00e1vila, anunci\u00f3 una serie de medidas orientadas a proteger la vida e integridad de los polic\u00edas, salvaguardar a la poblaci\u00f3n civil y fortalecer la capacidad de [&hellip;]\" \/>\n<meta property=\"og:url\" content=\"https:\/\/interpolitico.com\/inicio\/se-activo-respuesta-integral-para-reforzar-seguridad-de-policias-y-enfrentar-ofensiva-de-grupos-armados-en-el-cesar\/\" \/>\n<meta property=\"og:site_name\" content=\"InterPolitico\" \/>\n<meta property=\"article:publisher\" content=\"https:\/\/www.facebook.com\/interpolitico\/\" \/>\n<meta property=\"article:published_time\" content=\"2026-09-02T06:48:19+00:00\" \/>\n<meta property=\"og:image\" content=\"https:\/\/interpolitico.com\/inicio\/wp-content\/uploads\/2026\/09\/Gobernadorapmu-650x434.jpg\" \/>\n<meta name=\"author\" content=\"paul\" \/>\n<meta name=\"twitter:card\" content=\"summary_large_image\" \/>\n<meta name=\"twitter:creator\" content=\"@Interpolitico\" \/>\n<meta name=\"twitter:site\" content=\"@Interpolitico\" \/>\n<meta name=\"twitter:label1\" content=\"Escrito por\" \/>\n\t<meta name=\"twitter:data1\" content=\"paul\" \/>\n\t<meta name=\"twitter:label2\" content=\"Tiempo de lectura\" \/>\n\t<meta name=\"twitter:data2\" content=\"6 minutos\" \/>\n<script type=\"application\/ld+json\" class=\"yoast-schema-graph\">{\"@context\":\"https:\/\/schema.org\",\"@graph\":[{\"@type\":\"Article\",\"@id\":\"https:\/\/interpolitico.com\/inicio\/se-activo-respuesta-integral-para-reforzar-seguridad-de-policias-y-enfrentar-ofensiva-de-grupos-armados-en-el-cesar\/#article\",\"isPartOf\":{\"@id\":\"https:\/\/interpolitico.com\/inicio\/se-activo-respuesta-integral-para-reforzar-seguridad-de-policias-y-enfrentar-ofensiva-de-grupos-armados-en-el-cesar\/\"},\"author\":{\"name\":\"paul\",\"@id\":\"https:\/\/interpolitico.com\/inicio\/#\/schema\/person\/1a1ac87c05d0e64a550b63f4684b755e\"},\"headline\":\"Se activ\u00f3 respuesta integral para reforzar seguridad de polic\u00edas y enfrentar ofensiva de grupos armados en el Cesar\",\"datePublished\":\"2026-09-02T06:48:19+00:00\",\"dateModified\":\"2026-09-02T06:48:19+00:00\",\"mainEntityOfPage\":{\"@id\":\"https:\/\/interpolitico.com\/inicio\/se-activo-respuesta-integral-para-reforzar-seguridad-de-policias-y-enfrentar-ofensiva-de-grupos-armados-en-el-cesar\/\"},\"wordCount\":1153,\"publisher\":{\"@id\":\"https:\/\/interpolitico.com\/inicio\/#organization\"},\"image\":{\"@id\":\"https:\/\/interpolitico.com\/inicio\/se-activo-respuesta-integral-para-reforzar-seguridad-de-policias-y-enfrentar-ofensiva-de-grupos-armados-en-el-cesar\/#primaryimage\"},\"thumbnailUrl\":\"https:\/\/interpolitico.com\/inicio\/wp-content\/uploads\/2026\/09\/Gobernadorapmu-650x434.jpg\",\"articleSection\":[\"Politica\"],\"inLanguage\":\"es\"},{\"@type\":\"WebPage\",\"@id\":\"https:\/\/interpolitico.com\/inicio\/se-activo-respuesta-integral-para-reforzar-seguridad-de-policias-y-enfrentar-ofensiva-de-grupos-armados-en-el-cesar\/\",\"url\":\"https:\/\/interpolitico.com\/inicio\/se-activo-respuesta-integral-para-reforzar-seguridad-de-policias-y-enfrentar-ofensiva-de-grupos-armados-en-el-cesar\/\",\"name\":\"Se activ\u00f3 respuesta integral para reforzar seguridad de polic\u00edas y enfrentar ofensiva de grupos armados en el Cesar - InterPolitico\",\"isPartOf\":{\"@id\":\"https:\/\/interpolitico.com\/inicio\/#website\"},\"primaryImageOfPage\":{\"@id\":\"https:\/\/interpolitico.com\/inicio\/se-activo-respuesta-integral-para-reforzar-seguridad-de-policias-y-enfrentar-ofensiva-de-grupos-armados-en-el-cesar\/#primaryimage\"},\"image\":{\"@id\":\"https:\/\/interpolitico.com\/inicio\/se-activo-respuesta-integral-para-reforzar-seguridad-de-policias-y-enfrentar-ofensiva-de-grupos-armados-en-el-cesar\/#primaryimage\"},\"thumbnailUrl\":\"https:\/\/interpolitico.com\/inicio\/wp-content\/uploads\/2026\/09\/Gobernadorapmu-650x434.jpg\",\"datePublished\":\"2026-09-02T06:48:19+00:00\",\"dateModified\":\"2026-09-02T06:48:19+00:00\",\"breadcrumb\":{\"@id\":\"https:\/\/interpolitico.com\/inicio\/se-activo-respuesta-integral-para-reforzar-seguridad-de-policias-y-enfrentar-ofensiva-de-grupos-armados-en-el-cesar\/#breadcrumb\"},\"inLanguage\":\"es\",\"potentialAction\":[{\"@type\":\"ReadAction\",\"target\":[\"https:\/\/interpolitico.com\/inicio\/se-activo-respuesta-integral-para-reforzar-seguridad-de-policias-y-enfrentar-ofensiva-de-grupos-armados-en-el-cesar\/\"]}]},{\"@type\":\"ImageObject\",\"inLanguage\":\"es\",\"@id\":\"https:\/\/interpolitico.com\/inicio\/se-activo-respuesta-integral-para-reforzar-seguridad-de-policias-y-enfrentar-ofensiva-de-grupos-armados-en-el-cesar\/#primaryimage\",\"url\":\"https:\/\/interpolitico.com\/inicio\/wp-content\/uploads\/2026\/09\/Gobernadorapmu.jpg\",\"contentUrl\":\"https:\/\/interpolitico.com\/inicio\/wp-content\/uploads\/2026\/09\/Gobernadorapmu.jpg\",\"width\":1280,\"height\":854},{\"@type\":\"BreadcrumbList\",\"@id\":\"https:\/\/interpolitico.com\/inicio\/se-activo-respuesta-integral-para-reforzar-seguridad-de-policias-y-enfrentar-ofensiva-de-grupos-armados-en-el-cesar\/#breadcrumb\",\"itemListElement\":[{\"@type\":\"ListItem\",\"position\":1,\"name\":\"Portada\",\"item\":\"https:\/\/interpolitico.com\/inicio\/\"},{\"@type\":\"ListItem\",\"position\":2,\"name\":\"Se activ\u00f3 respuesta integral para reforzar seguridad de polic\u00edas y enfrentar ofensiva de grupos armados en el Cesar\"}]},{\"@type\":\"WebSite\",\"@id\":\"https:\/\/interpolitico.com\/inicio\/#website\",\"url\":\"https:\/\/interpolitico.com\/inicio\/\",\"name\":\"InterPolitico\",\"description\":\"\",\"publisher\":{\"@id\":\"https:\/\/interpolitico.com\/inicio\/#organization\"},\"potentialAction\":[{\"@type\":\"SearchAction\",\"target\":{\"@type\":\"EntryPoint\",\"urlTemplate\":\"https:\/\/interpolitico.com\/inicio\/?s={search_term_string}\"},\"query-input\":{\"@type\":\"PropertyValueSpecification\",\"valueRequired\":true,\"valueName\":\"search_term_string\"}}],\"inLanguage\":\"es\"},{\"@type\":\"Organization\",\"@id\":\"https:\/\/interpolitico.com\/inicio\/#organization\",\"name\":\"Interpolitico.com\",\"url\":\"https:\/\/interpolitico.com\/inicio\/\",\"logo\":{\"@type\":\"ImageObject\",\"inLanguage\":\"es\",\"@id\":\"https:\/\/interpolitico.com\/inicio\/#\/schema\/logo\/image\/\",\"url\":\"http:\/\/interpolitico.com\/inicio\/wp-content\/uploads\/2020\/05\/logo.jpg\",\"contentUrl\":\"http:\/\/interpolitico.com\/inicio\/wp-content\/uploads\/2020\/05\/logo.jpg\",\"width\":460,\"height\":73,\"caption\":\"Interpolitico.com\"},\"image\":{\"@id\":\"https:\/\/interpolitico.com\/inicio\/#\/schema\/logo\/image\/\"},\"sameAs\":[\"https:\/\/www.facebook.com\/interpolitico\/\",\"https:\/\/x.com\/Interpolitico\",\"https:\/\/www.instagram.com\/interpolitico\/\"]},{\"@type\":\"Person\",\"@id\":\"https:\/\/interpolitico.com\/inicio\/#\/schema\/person\/1a1ac87c05d0e64a550b63f4684b755e\",\"name\":\"paul\",\"image\":{\"@type\":\"ImageObject\",\"inLanguage\":\"es\",\"@id\":\"https:\/\/interpolitico.com\/inicio\/#\/schema\/person\/image\/\",\"url\":\"https:\/\/secure.gravatar.com\/avatar\/f707412d5911be897c7b23a0119e1817?s=96&d=mm&r=g\",\"contentUrl\":\"https:\/\/secure.gravatar.com\/avatar\/f707412d5911be897c7b23a0119e1817?s=96&d=mm&r=g\",\"caption\":\"paul\"},\"url\":\"https:\/\/interpolitico.com\/inicio\/author\/paul\/\"}]}<\/script>\n<!-- \/ Yoast SEO plugin. -->","yoast_head_json":{"title":"Se activ\u00f3 respuesta integral para reforzar seguridad de polic\u00edas y enfrentar ofensiva de grupos armados en el Cesar - InterPolitico","robots":{"index":"index","follow":"follow","max-snippet":"max-snippet:-1","max-image-preview":"max-image-preview:large","max-video-preview":"max-video-preview:-1"},"canonical":"https:\/\/interpolitico.com\/inicio\/se-activo-respuesta-integral-para-reforzar-seguridad-de-policias-y-enfrentar-ofensiva-de-grupos-armados-en-el-cesar\/","og_locale":"es_ES","og_type":"article","og_title":"Se activ\u00f3 respuesta integral para reforzar seguridad de polic\u00edas y enfrentar ofensiva de grupos armados en el Cesar - InterPolitico","og_description":"Frente a los recientes hechos de violencia y a la utilizaci\u00f3n de drones con capacidad ofensiva contra integrantes de la Fuerza P\u00fablica, la gobernadora del Cesar, Elvia Milena Sanjuan D\u00e1vila, anunci\u00f3 una serie de medidas orientadas a proteger la vida e integridad de los polic\u00edas, salvaguardar a la poblaci\u00f3n civil y fortalecer la capacidad de [&hellip;]","og_url":"https:\/\/interpolitico.com\/inicio\/se-activo-respuesta-integral-para-reforzar-seguridad-de-policias-y-enfrentar-ofensiva-de-grupos-armados-en-el-cesar\/","og_site_name":"InterPolitico","article_publisher":"https:\/\/www.facebook.com\/interpolitico\/","article_published_time":"2026-09-02T06:48:19+00:00","og_image":[{"url":"https:\/\/interpolitico.com\/inicio\/wp-content\/uploads\/2026\/09\/Gobernadorapmu-650x434.jpg"}],"author":"paul","twitter_card":"summary_large_image","twitter_creator":"@Interpolitico","twitter_site":"@Interpolitico","twitter_misc":{"Escrito por":"paul","Tiempo de lectura":"6 minutos"},"schema":{"@context":"https:\/\/schema.org","@graph":[{"@type":"Article","@id":"https:\/\/interpolitico.com\/inicio\/se-activo-respuesta-integral-para-reforzar-seguridad-de-policias-y-enfrentar-ofensiva-de-grupos-armados-en-el-cesar\/#article","isPartOf":{"@id":"https:\/\/interpolitico.com\/inicio\/se-activo-respuesta-integral-para-reforzar-seguridad-de-policias-y-enfrentar-ofensiva-de-grupos-armados-en-el-cesar\/"},"author":{"name":"paul","@id":"https:\/\/interpolitico.com\/inicio\/#\/schema\/person\/1a1ac87c05d0e64a550b63f4684b755e"},"headline":"Se activ\u00f3 respuesta integral para reforzar seguridad de polic\u00edas y enfrentar ofensiva de grupos armados en el Cesar","datePublished":"2026-09-02T06:48:19+00:00","dateModified":"2026-09-02T06:48:19+00:00","mainEntityOfPage":{"@id":"https:\/\/interpolitico.com\/inicio\/se-activo-respuesta-integral-para-reforzar-seguridad-de-policias-y-enfrentar-ofensiva-de-grupos-armados-en-el-cesar\/"},"wordCount":1153,"publisher":{"@id":"https:\/\/interpolitico.com\/inicio\/#organization"},"image":{"@id":"https:\/\/interpolitico.com\/inicio\/se-activo-respuesta-integral-para-reforzar-seguridad-de-policias-y-enfrentar-ofensiva-de-grupos-armados-en-el-cesar\/#primaryimage"},"thumbnailUrl":"https:\/\/interpolitico.com\/inicio\/wp-content\/uploads\/2026\/09\/Gobernadorapmu-650x434.jpg","articleSection":["Politica"],"inLanguage":"es"},{"@type":"WebPage","@id":"https:\/\/interpolitico.com\/inicio\/se-activo-respuesta-integral-para-reforzar-seguridad-de-policias-y-enfrentar-ofensiva-de-grupos-armados-en-el-cesar\/","url":"https:\/\/interpolitico.com\/inicio\/se-activo-respuesta-integral-para-reforzar-seguridad-de-policias-y-enfrentar-ofensiva-de-grupos-armados-en-el-cesar\/","name":"Se activ\u00f3 respuesta integral para reforzar seguridad de polic\u00edas y enfrentar ofensiva de grupos armados en el Cesar - InterPolitico","isPartOf":{"@id":"https:\/\/interpolitico.com\/inicio\/#website"},"primaryImageOfPage":{"@id":"https:\/\/interpolitico.com\/inicio\/se-activo-respuesta-integral-para-reforzar-seguridad-de-policias-y-enfrentar-ofensiva-de-grupos-armados-en-el-cesar\/#primaryimage"},"image":{"@id":"https:\/\/interpolitico.com\/inicio\/se-activo-respuesta-integral-para-reforzar-seguridad-de-policias-y-enfrentar-ofensiva-de-grupos-armados-en-el-cesar\/#primaryimage"},"thumbnailUrl":"https:\/\/interpolitico.com\/inicio\/wp-content\/uploads\/2026\/09\/Gobernadorapmu-650x434.jpg","datePublished":"2026-09-02T06:48:19+00:00","dateModified":"2026-09-02T06:48:19+00:00","breadcrumb":{"@id":"https:\/\/interpolitico.com\/inicio\/se-activo-respuesta-integral-para-reforzar-seguridad-de-policias-y-enfrentar-ofensiva-de-grupos-armados-en-el-cesar\/#breadcrumb"},"inLanguage":"es","potentialAction":[{"@type":"ReadAction","target":["https:\/\/interpolitico.com\/inicio\/se-activo-respuesta-integral-para-reforzar-seguridad-de-policias-y-enfrentar-ofensiva-de-grupos-armados-en-el-cesar\/"]}]},{"@type":"ImageObject","inLanguage":"es","@id":"https:\/\/interpolitico.com\/inicio\/se-activo-respuesta-integral-para-reforzar-seguridad-de-policias-y-enfrentar-ofensiva-de-grupos-armados-en-el-cesar\/#primaryimage","url":"https:\/\/interpolitico.com\/inicio\/wp-content\/uploads\/2026\/09\/Gobernadorapmu.jpg","contentUrl":"https:\/\/interpolitico.com\/inicio\/wp-content\/uploads\/2026\/09\/Gobernadorapmu.jpg","width":1280,"height":854},{"@type":"BreadcrumbList","@id":"https:\/\/interpolitico.com\/inicio\/se-activo-respuesta-integral-para-reforzar-seguridad-de-policias-y-enfrentar-ofensiva-de-grupos-armados-en-el-cesar\/#breadcrumb","itemListElement":[{"@type":"ListItem","position":1,"name":"Portada","item":"https:\/\/interpolitico.com\/inicio\/"},{"@type":"ListItem","position":2,"name":"Se activ\u00f3 respuesta integral para reforzar seguridad de polic\u00edas y enfrentar ofensiva de grupos armados en el Cesar"}]},{"@type":"WebSite","@id":"https:\/\/interpolitico.com\/inicio\/#website","url":"https:\/\/interpolitico.com\/inicio\/","name":"InterPolitico","description":"","publisher":{"@id":"https:\/\/interpolitico.com\/inicio\/#organization"},"potentialAction":[{"@type":"SearchAction","target":{"@type":"EntryPoint","urlTemplate":"https:\/\/interpolitico.com\/inicio\/?s={search_term_string}"},"query-input":{"@type":"PropertyValueSpecification","valueRequired":true,"valueName":"search_term_string"}}],"inLanguage":"es"},{"@type":"Organization","@id":"https:\/\/interpolitico.com\/inicio\/#organization","name":"Interpolitico.com","url":"https:\/\/interpolitico.com\/inicio\/","logo":{"@type":"ImageObject","inLanguage":"es","@id":"https:\/\/interpolitico.com\/inicio\/#\/schema\/logo\/image\/","url":"http:\/\/interpolitico.com\/inicio\/wp-content\/uploads\/2020\/05\/logo.jpg","contentUrl":"http:\/\/interpolitico.com\/inicio\/wp-content\/uploads\/2020\/05\/logo.jpg","width":460,"height":73,"caption":"Interpolitico.com"},"image":{"@id":"https:\/\/interpolitico.com\/inicio\/#\/schema\/logo\/image\/"},"sameAs":["https:\/\/www.facebook.com\/interpolitico\/","https:\/\/x.com\/Interpolitico","https:\/\/www.instagram.com\/interpolitico\/"]},{"@type":"Person","@id":"https:\/\/interpolitico.com\/inicio\/#\/schema\/person\/1a1ac87c05d0e64a550b63f4684b755e","name":"paul","image":{"@type":"ImageObject","inLanguage":"es","@id":"https:\/\/interpolitico.com\/inicio\/#\/schema\/person\/image\/","url":"https:\/\/secure.gravatar.com\/avatar\/f707412d5911be897c7b23a0119e1817?s=96&d=mm&r=g","contentUrl":"https:\/\/secure.gravatar.com\/avatar\/f707412d5911be897c7b23a0119e1817?s=96&d=mm&r=g","caption":"paul"},"url":"https:\/\/interpolitico.com\/inicio\/author\/paul\/"}]}},"_links":{"self":[{"href":"https:\/\/interpolitico.com\/inicio\/wp-json\/wp\/v2\/posts\/50368"}],"collection":[{"href":"https:\/\/interpolitico.com\/inicio\/wp-json\/wp\/v2\/posts"}],"about":[{"href":"https:\/\/interpolitico.com\/inicio\/wp-json\/wp\/v2\/types\/post"}],"author":[{"embeddable":true,"href":"https:\/\/interpolitico.com\/inicio\/wp-json\/wp\/v2\/users\/2"}],"replies":[{"embeddable":true,"href":"https:\/\/interpolitico.com\/inicio\/wp-json\/wp\/v2\/comments?post=50368"}],"version-history":[{"count":1,"href":"https:\/\/interpolitico.com\/inicio\/wp-json\/wp\/v2\/posts\/50368\/revisions"}],"predecessor-version":[{"id":50370,"href":"https:\/\/interpolitico.com\/inicio\/wp-json\/wp\/v2\/posts\/50368\/revisions\/50370"}],"wp:attachment":[{"href":"https:\/\/interpolitico.com\/inicio\/wp-json\/wp\/v2\/media?parent=50368"}],"wp:term":[{"taxonomy":"category","embeddable":true,"href":"https:\/\/interpolitico.com\/inicio\/wp-json\/wp\/v2\/categories?post=50368"},{"taxonomy":"post_tag","embeddable":true,"href":"https:\/\/interpolitico.com\/inicio\/wp-json\/wp\/v2\/tags?post=50368"}],"curies":[{"name":"wp","href":"https:\/\/api.w.org\/{rel}","templated":true}]}}