{"id":50365,"date":"2026-09-02T01:41:27","date_gmt":"2026-09-02T06:41:27","guid":{"rendered":"https:\/\/interpolitico.com\/inicio\/?p=50365"},"modified":"2026-09-02T01:41:27","modified_gmt":"2026-09-02T06:41:27","slug":"cristina-luquez-nueva-jefe-de-la-oficina-de-gestion-social-de-valledupar","status":"publish","type":"post","link":"https:\/\/interpolitico.com\/inicio\/cristina-luquez-nueva-jefe-de-la-oficina-de-gestion-social-de-valledupar\/","title":{"rendered":"Cristina L\u00faquez, nueva Jefe de la Oficina de Gesti\u00f3n Social de Valledupar"},"content":{"rendered":"\n<p>El alcalde Ernesto Orozco Dur\u00e1n posesion\u00f3 a Cristina L\u00faquez Ochoa como nueva jefe de la Oficina de Gesti\u00f3n Social de la Alcald\u00eda de Valledupar.<\/p>\n\n\n\n<p><strong>Es Psic\u00f3loga Social y Comunitaria<\/strong>, egresada de la Universidad Nacional Abierta y a Distancia \u2013 UNAD, con experiencia en gesti\u00f3n social, acompa\u00f1amiento psicosocial y trabajo con comunidades.<\/p>\n\n\n\n<p>Cuenta con trayectoria en entidades p\u00fablicas y organizaciones sociales, donde ha desarrollado procesos relacionados con&nbsp;atenci\u00f3n a poblaci\u00f3n vulnerable, salud mental, acompa\u00f1amiento comunitario, gesti\u00f3n social y programas de bienestar.<\/p>\n\n\n\n<p>Ha ejercido como subgerente de Desarrollo Social en Fonvisocial, coordinadora de programas de Salud Sexual y Reproductiva y Salud Mental en la Alcald\u00eda de Pueblo Bello, y profesional en diferentes proyectos de intervenci\u00f3n social.<\/p>\n\n\n\n<p>En la&nbsp;Alcald\u00eda de Valledupar&nbsp;lider\u00f3 en la Oficina de Gesti\u00f3n Social el seguimiento y operaci\u00f3n del programa&nbsp;Renta Ciudadana, articulaci\u00f3n institucional, participaci\u00f3n social y atenci\u00f3n a los beneficiarios.<\/p>\n\n\n\n<p>Su llegada permitir\u00e1 fortalecer una gesti\u00f3n social cercana, articulada y con mayor capacidad de respuesta para quienes m\u00e1s lo necesitan.<\/p>\n\n\n\n<figure class=\"wp-block-image size-large\"><a href=\"https:\/\/interpolitico.com\/inicio\/wp-content\/uploads\/2026\/09\/Cristinaluquez.jpg\"><img loading=\"lazy\" decoding=\"async\" width=\"650\" height=\"434\" src=\"https:\/\/interpolitico.com\/inicio\/wp-content\/uploads\/2026\/09\/Cristinaluquez-650x434.jpg\" alt=\"\" class=\"wp-image-50366\" srcset=\"https:\/\/interpolitico.com\/inicio\/wp-content\/uploads\/2026\/09\/Cristinaluquez-650x434.jpg 650w, https:\/\/interpolitico.com\/inicio\/wp-content\/uploads\/2026\/09\/Cristinaluquez-400x267.jpg 400w, https:\/\/interpolitico.com\/inicio\/wp-content\/uploads\/2026\/09\/Cristinaluquez-250x167.jpg 250w, https:\/\/interpolitico.com\/inicio\/wp-content\/uploads\/2026\/09\/Cristinaluquez-768x512.jpg 768w, https:\/\/interpolitico.com\/inicio\/wp-content\/uploads\/2026\/09\/Cristinaluquez-150x100.jpg 150w, https:\/\/interpolitico.com\/inicio\/wp-content\/uploads\/2026\/09\/Cristinaluquez-800x534.jpg 800w, https:\/\/interpolitico.com\/inicio\/wp-content\/uploads\/2026\/09\/Cristinaluquez-1200x801.jpg 1200w, https:\/\/interpolitico.com\/inicio\/wp-content\/uploads\/2026\/09\/Cristinaluquez.jpg 1280w\" sizes=\"(max-width: 650px) 100vw, 650px\" \/><\/a><\/figure>\n","protected":false},"excerpt":{"rendered":"<p>El alcalde Ernesto Orozco Dur\u00e1n posesion\u00f3 a Cristina L\u00faquez Ochoa como nueva jefe de la Oficina de Gesti\u00f3n Social de la Alcald\u00eda de Valledupar. Es Psic\u00f3loga Social y Comunitaria, egresada de la Universidad Nacional Abierta y a Distancia \u2013 UNAD, con experiencia en gesti\u00f3n social, acompa\u00f1amiento psicosocial y trabajo con comunidades. Cuenta con trayectoria en [&hellip;]<\/p>\n","protected":false},"author":2,"featured_media":0,"comment_status":"closed","ping_status":"","sticky":false,"template":"","format":"standard","meta":{"footnotes":""},"categories":[1],"tags":[],"yoast_head":"<!-- This site is optimized with the Yoast SEO plugin v23.5 - https:\/\/yoast.com\/wordpress\/plugins\/seo\/ -->\n<title>Cristina L\u00faquez, nueva Jefe de la Oficina de Gesti\u00f3n Social de Valledupar - InterPolitico<\/title>\n<meta name=\"robots\" content=\"index, follow, max-snippet:-1, max-image-preview:large, max-video-preview:-1\" \/>\n<link rel=\"canonical\" href=\"https:\/\/interpolitico.com\/inicio\/cristina-luquez-nueva-jefe-de-la-oficina-de-gestion-social-de-valledupar\/\" \/>\n<meta property=\"og:locale\" content=\"es_ES\" \/>\n<meta property=\"og:type\" content=\"article\" \/>\n<meta property=\"og:title\" content=\"Cristina L\u00faquez, nueva Jefe de la Oficina de Gesti\u00f3n Social de Valledupar - InterPolitico\" \/>\n<meta property=\"og:description\" content=\"El alcalde Ernesto Orozco Dur\u00e1n posesion\u00f3 a Cristina L\u00faquez Ochoa como nueva jefe de la Oficina de Gesti\u00f3n Social de la Alcald\u00eda de Valledupar. Es Psic\u00f3loga Social y Comunitaria, egresada de la Universidad Nacional Abierta y a Distancia \u2013 UNAD, con experiencia en gesti\u00f3n social, acompa\u00f1amiento psicosocial y trabajo con comunidades. Cuenta con trayectoria en [&hellip;]\" \/>\n<meta property=\"og:url\" content=\"https:\/\/interpolitico.com\/inicio\/cristina-luquez-nueva-jefe-de-la-oficina-de-gestion-social-de-valledupar\/\" \/>\n<meta property=\"og:site_name\" content=\"InterPolitico\" \/>\n<meta property=\"article:publisher\" content=\"https:\/\/www.facebook.com\/interpolitico\/\" \/>\n<meta property=\"article:published_time\" content=\"2026-09-02T06:41:27+00:00\" \/>\n<meta property=\"og:image\" content=\"https:\/\/interpolitico.com\/inicio\/wp-content\/uploads\/2026\/09\/Cristinaluquez-650x434.jpg\" \/>\n<meta name=\"author\" content=\"paul\" \/>\n<meta name=\"twitter:card\" content=\"summary_large_image\" \/>\n<meta name=\"twitter:creator\" content=\"@Interpolitico\" \/>\n<meta name=\"twitter:site\" content=\"@Interpolitico\" \/>\n<meta name=\"twitter:label1\" content=\"Escrito por\" \/>\n\t<meta name=\"twitter:data1\" content=\"paul\" \/>\n\t<meta name=\"twitter:label2\" content=\"Tiempo de lectura\" \/>\n\t<meta name=\"twitter:data2\" content=\"1 minuto\" \/>\n<script type=\"application\/ld+json\" class=\"yoast-schema-graph\">{\"@context\":\"https:\/\/schema.org\",\"@graph\":[{\"@type\":\"Article\",\"@id\":\"https:\/\/interpolitico.com\/inicio\/cristina-luquez-nueva-jefe-de-la-oficina-de-gestion-social-de-valledupar\/#article\",\"isPartOf\":{\"@id\":\"https:\/\/interpolitico.com\/inicio\/cristina-luquez-nueva-jefe-de-la-oficina-de-gestion-social-de-valledupar\/\"},\"author\":{\"name\":\"paul\",\"@id\":\"https:\/\/interpolitico.com\/inicio\/#\/schema\/person\/1a1ac87c05d0e64a550b63f4684b755e\"},\"headline\":\"Cristina L\u00faquez, nueva Jefe de la Oficina de Gesti\u00f3n Social de Valledupar\",\"datePublished\":\"2026-09-02T06:41:27+00:00\",\"dateModified\":\"2026-09-02T06:41:27+00:00\",\"mainEntityOfPage\":{\"@id\":\"https:\/\/interpolitico.com\/inicio\/cristina-luquez-nueva-jefe-de-la-oficina-de-gestion-social-de-valledupar\/\"},\"wordCount\":202,\"publisher\":{\"@id\":\"https:\/\/interpolitico.com\/inicio\/#organization\"},\"image\":{\"@id\":\"https:\/\/interpolitico.com\/inicio\/cristina-luquez-nueva-jefe-de-la-oficina-de-gestion-social-de-valledupar\/#primaryimage\"},\"thumbnailUrl\":\"https:\/\/interpolitico.com\/inicio\/wp-content\/uploads\/2026\/09\/Cristinaluquez-650x434.jpg\",\"articleSection\":[\"Politica\"],\"inLanguage\":\"es\"},{\"@type\":\"WebPage\",\"@id\":\"https:\/\/interpolitico.com\/inicio\/cristina-luquez-nueva-jefe-de-la-oficina-de-gestion-social-de-valledupar\/\",\"url\":\"https:\/\/interpolitico.com\/inicio\/cristina-luquez-nueva-jefe-de-la-oficina-de-gestion-social-de-valledupar\/\",\"name\":\"Cristina L\u00faquez, nueva Jefe de la Oficina de Gesti\u00f3n Social de Valledupar - InterPolitico\",\"isPartOf\":{\"@id\":\"https:\/\/interpolitico.com\/inicio\/#website\"},\"primaryImageOfPage\":{\"@id\":\"https:\/\/interpolitico.com\/inicio\/cristina-luquez-nueva-jefe-de-la-oficina-de-gestion-social-de-valledupar\/#primaryimage\"},\"image\":{\"@id\":\"https:\/\/interpolitico.com\/inicio\/cristina-luquez-nueva-jefe-de-la-oficina-de-gestion-social-de-valledupar\/#primaryimage\"},\"thumbnailUrl\":\"https:\/\/interpolitico.com\/inicio\/wp-content\/uploads\/2026\/09\/Cristinaluquez-650x434.jpg\",\"datePublished\":\"2026-09-02T06:41:27+00:00\",\"dateModified\":\"2026-09-02T06:41:27+00:00\",\"breadcrumb\":{\"@id\":\"https:\/\/interpolitico.com\/inicio\/cristina-luquez-nueva-jefe-de-la-oficina-de-gestion-social-de-valledupar\/#breadcrumb\"},\"inLanguage\":\"es\",\"potentialAction\":[{\"@type\":\"ReadAction\",\"target\":[\"https:\/\/interpolitico.com\/inicio\/cristina-luquez-nueva-jefe-de-la-oficina-de-gestion-social-de-valledupar\/\"]}]},{\"@type\":\"ImageObject\",\"inLanguage\":\"es\",\"@id\":\"https:\/\/interpolitico.com\/inicio\/cristina-luquez-nueva-jefe-de-la-oficina-de-gestion-social-de-valledupar\/#primaryimage\",\"url\":\"https:\/\/interpolitico.com\/inicio\/wp-content\/uploads\/2026\/09\/Cristinaluquez.jpg\",\"contentUrl\":\"https:\/\/interpolitico.com\/inicio\/wp-content\/uploads\/2026\/09\/Cristinaluquez.jpg\",\"width\":1280,\"height\":854},{\"@type\":\"BreadcrumbList\",\"@id\":\"https:\/\/interpolitico.com\/inicio\/cristina-luquez-nueva-jefe-de-la-oficina-de-gestion-social-de-valledupar\/#breadcrumb\",\"itemListElement\":[{\"@type\":\"ListItem\",\"position\":1,\"name\":\"Portada\",\"item\":\"https:\/\/interpolitico.com\/inicio\/\"},{\"@type\":\"ListItem\",\"position\":2,\"name\":\"Cristina L\u00faquez, nueva Jefe de la Oficina de Gesti\u00f3n Social de Valledupar\"}]},{\"@type\":\"WebSite\",\"@id\":\"https:\/\/interpolitico.com\/inicio\/#website\",\"url\":\"https:\/\/interpolitico.com\/inicio\/\",\"name\":\"InterPolitico\",\"description\":\"\",\"publisher\":{\"@id\":\"https:\/\/interpolitico.com\/inicio\/#organization\"},\"potentialAction\":[{\"@type\":\"SearchAction\",\"target\":{\"@type\":\"EntryPoint\",\"urlTemplate\":\"https:\/\/interpolitico.com\/inicio\/?s={search_term_string}\"},\"query-input\":{\"@type\":\"PropertyValueSpecification\",\"valueRequired\":true,\"valueName\":\"search_term_string\"}}],\"inLanguage\":\"es\"},{\"@type\":\"Organization\",\"@id\":\"https:\/\/interpolitico.com\/inicio\/#organization\",\"name\":\"Interpolitico.com\",\"url\":\"https:\/\/interpolitico.com\/inicio\/\",\"logo\":{\"@type\":\"ImageObject\",\"inLanguage\":\"es\",\"@id\":\"https:\/\/interpolitico.com\/inicio\/#\/schema\/logo\/image\/\",\"url\":\"http:\/\/interpolitico.com\/inicio\/wp-content\/uploads\/2020\/05\/logo.jpg\",\"contentUrl\":\"http:\/\/interpolitico.com\/inicio\/wp-content\/uploads\/2020\/05\/logo.jpg\",\"width\":460,\"height\":73,\"caption\":\"Interpolitico.com\"},\"image\":{\"@id\":\"https:\/\/interpolitico.com\/inicio\/#\/schema\/logo\/image\/\"},\"sameAs\":[\"https:\/\/www.facebook.com\/interpolitico\/\",\"https:\/\/x.com\/Interpolitico\",\"https:\/\/www.instagram.com\/interpolitico\/\"]},{\"@type\":\"Person\",\"@id\":\"https:\/\/interpolitico.com\/inicio\/#\/schema\/person\/1a1ac87c05d0e64a550b63f4684b755e\",\"name\":\"paul\",\"image\":{\"@type\":\"ImageObject\",\"inLanguage\":\"es\",\"@id\":\"https:\/\/interpolitico.com\/inicio\/#\/schema\/person\/image\/\",\"url\":\"https:\/\/secure.gravatar.com\/avatar\/f707412d5911be897c7b23a0119e1817?s=96&d=mm&r=g\",\"contentUrl\":\"https:\/\/secure.gravatar.com\/avatar\/f707412d5911be897c7b23a0119e1817?s=96&d=mm&r=g\",\"caption\":\"paul\"},\"url\":\"https:\/\/interpolitico.com\/inicio\/author\/paul\/\"}]}<\/script>\n<!-- \/ Yoast SEO plugin. -->","yoast_head_json":{"title":"Cristina L\u00faquez, nueva Jefe de la Oficina de Gesti\u00f3n Social de Valledupar - InterPolitico","robots":{"index":"index","follow":"follow","max-snippet":"max-snippet:-1","max-image-preview":"max-image-preview:large","max-video-preview":"max-video-preview:-1"},"canonical":"https:\/\/interpolitico.com\/inicio\/cristina-luquez-nueva-jefe-de-la-oficina-de-gestion-social-de-valledupar\/","og_locale":"es_ES","og_type":"article","og_title":"Cristina L\u00faquez, nueva Jefe de la Oficina de Gesti\u00f3n Social de Valledupar - InterPolitico","og_description":"El alcalde Ernesto Orozco Dur\u00e1n posesion\u00f3 a Cristina L\u00faquez Ochoa como nueva jefe de la Oficina de Gesti\u00f3n Social de la Alcald\u00eda de Valledupar. Es Psic\u00f3loga Social y Comunitaria, egresada de la Universidad Nacional Abierta y a Distancia \u2013 UNAD, con experiencia en gesti\u00f3n social, acompa\u00f1amiento psicosocial y trabajo con comunidades. Cuenta con trayectoria en [&hellip;]","og_url":"https:\/\/interpolitico.com\/inicio\/cristina-luquez-nueva-jefe-de-la-oficina-de-gestion-social-de-valledupar\/","og_site_name":"InterPolitico","article_publisher":"https:\/\/www.facebook.com\/interpolitico\/","article_published_time":"2026-09-02T06:41:27+00:00","og_image":[{"url":"https:\/\/interpolitico.com\/inicio\/wp-content\/uploads\/2026\/09\/Cristinaluquez-650x434.jpg"}],"author":"paul","twitter_card":"summary_large_image","twitter_creator":"@Interpolitico","twitter_site":"@Interpolitico","twitter_misc":{"Escrito por":"paul","Tiempo de lectura":"1 minuto"},"schema":{"@context":"https:\/\/schema.org","@graph":[{"@type":"Article","@id":"https:\/\/interpolitico.com\/inicio\/cristina-luquez-nueva-jefe-de-la-oficina-de-gestion-social-de-valledupar\/#article","isPartOf":{"@id":"https:\/\/interpolitico.com\/inicio\/cristina-luquez-nueva-jefe-de-la-oficina-de-gestion-social-de-valledupar\/"},"author":{"name":"paul","@id":"https:\/\/interpolitico.com\/inicio\/#\/schema\/person\/1a1ac87c05d0e64a550b63f4684b755e"},"headline":"Cristina L\u00faquez, nueva Jefe de la Oficina de Gesti\u00f3n Social de Valledupar","datePublished":"2026-09-02T06:41:27+00:00","dateModified":"2026-09-02T06:41:27+00:00","mainEntityOfPage":{"@id":"https:\/\/interpolitico.com\/inicio\/cristina-luquez-nueva-jefe-de-la-oficina-de-gestion-social-de-valledupar\/"},"wordCount":202,"publisher":{"@id":"https:\/\/interpolitico.com\/inicio\/#organization"},"image":{"@id":"https:\/\/interpolitico.com\/inicio\/cristina-luquez-nueva-jefe-de-la-oficina-de-gestion-social-de-valledupar\/#primaryimage"},"thumbnailUrl":"https:\/\/interpolitico.com\/inicio\/wp-content\/uploads\/2026\/09\/Cristinaluquez-650x434.jpg","articleSection":["Politica"],"inLanguage":"es"},{"@type":"WebPage","@id":"https:\/\/interpolitico.com\/inicio\/cristina-luquez-nueva-jefe-de-la-oficina-de-gestion-social-de-valledupar\/","url":"https:\/\/interpolitico.com\/inicio\/cristina-luquez-nueva-jefe-de-la-oficina-de-gestion-social-de-valledupar\/","name":"Cristina L\u00faquez, nueva Jefe de la Oficina de Gesti\u00f3n Social de Valledupar - InterPolitico","isPartOf":{"@id":"https:\/\/interpolitico.com\/inicio\/#website"},"primaryImageOfPage":{"@id":"https:\/\/interpolitico.com\/inicio\/cristina-luquez-nueva-jefe-de-la-oficina-de-gestion-social-de-valledupar\/#primaryimage"},"image":{"@id":"https:\/\/interpolitico.com\/inicio\/cristina-luquez-nueva-jefe-de-la-oficina-de-gestion-social-de-valledupar\/#primaryimage"},"thumbnailUrl":"https:\/\/interpolitico.com\/inicio\/wp-content\/uploads\/2026\/09\/Cristinaluquez-650x434.jpg","datePublished":"2026-09-02T06:41:27+00:00","dateModified":"2026-09-02T06:41:27+00:00","breadcrumb":{"@id":"https:\/\/interpolitico.com\/inicio\/cristina-luquez-nueva-jefe-de-la-oficina-de-gestion-social-de-valledupar\/#breadcrumb"},"inLanguage":"es","potentialAction":[{"@type":"ReadAction","target":["https:\/\/interpolitico.com\/inicio\/cristina-luquez-nueva-jefe-de-la-oficina-de-gestion-social-de-valledupar\/"]}]},{"@type":"ImageObject","inLanguage":"es","@id":"https:\/\/interpolitico.com\/inicio\/cristina-luquez-nueva-jefe-de-la-oficina-de-gestion-social-de-valledupar\/#primaryimage","url":"https:\/\/interpolitico.com\/inicio\/wp-content\/uploads\/2026\/09\/Cristinaluquez.jpg","contentUrl":"https:\/\/interpolitico.com\/inicio\/wp-content\/uploads\/2026\/09\/Cristinaluquez.jpg","width":1280,"height":854},{"@type":"BreadcrumbList","@id":"https:\/\/interpolitico.com\/inicio\/cristina-luquez-nueva-jefe-de-la-oficina-de-gestion-social-de-valledupar\/#breadcrumb","itemListElement":[{"@type":"ListItem","position":1,"name":"Portada","item":"https:\/\/interpolitico.com\/inicio\/"},{"@type":"ListItem","position":2,"name":"Cristina L\u00faquez, nueva Jefe de la Oficina de Gesti\u00f3n Social de Valledupar"}]},{"@type":"WebSite","@id":"https:\/\/interpolitico.com\/inicio\/#website","url":"https:\/\/interpolitico.com\/inicio\/","name":"InterPolitico","description":"","publisher":{"@id":"https:\/\/interpolitico.com\/inicio\/#organization"},"potentialAction":[{"@type":"SearchAction","target":{"@type":"EntryPoint","urlTemplate":"https:\/\/interpolitico.com\/inicio\/?s={search_term_string}"},"query-input":{"@type":"PropertyValueSpecification","valueRequired":true,"valueName":"search_term_string"}}],"inLanguage":"es"},{"@type":"Organization","@id":"https:\/\/interpolitico.com\/inicio\/#organization","name":"Interpolitico.com","url":"https:\/\/interpolitico.com\/inicio\/","logo":{"@type":"ImageObject","inLanguage":"es","@id":"https:\/\/interpolitico.com\/inicio\/#\/schema\/logo\/image\/","url":"http:\/\/interpolitico.com\/inicio\/wp-content\/uploads\/2020\/05\/logo.jpg","contentUrl":"http:\/\/interpolitico.com\/inicio\/wp-content\/uploads\/2020\/05\/logo.jpg","width":460,"height":73,"caption":"Interpolitico.com"},"image":{"@id":"https:\/\/interpolitico.com\/inicio\/#\/schema\/logo\/image\/"},"sameAs":["https:\/\/www.facebook.com\/interpolitico\/","https:\/\/x.com\/Interpolitico","https:\/\/www.instagram.com\/interpolitico\/"]},{"@type":"Person","@id":"https:\/\/interpolitico.com\/inicio\/#\/schema\/person\/1a1ac87c05d0e64a550b63f4684b755e","name":"paul","image":{"@type":"ImageObject","inLanguage":"es","@id":"https:\/\/interpolitico.com\/inicio\/#\/schema\/person\/image\/","url":"https:\/\/secure.gravatar.com\/avatar\/f707412d5911be897c7b23a0119e1817?s=96&d=mm&r=g","contentUrl":"https:\/\/secure.gravatar.com\/avatar\/f707412d5911be897c7b23a0119e1817?s=96&d=mm&r=g","caption":"paul"},"url":"https:\/\/interpolitico.com\/inicio\/author\/paul\/"}]}},"_links":{"self":[{"href":"https:\/\/interpolitico.com\/inicio\/wp-json\/wp\/v2\/posts\/50365"}],"collection":[{"href":"https:\/\/interpolitico.com\/inicio\/wp-json\/wp\/v2\/posts"}],"about":[{"href":"https:\/\/interpolitico.com\/inicio\/wp-json\/wp\/v2\/types\/post"}],"author":[{"embeddable":true,"href":"https:\/\/interpolitico.com\/inicio\/wp-json\/wp\/v2\/users\/2"}],"replies":[{"embeddable":true,"href":"https:\/\/interpolitico.com\/inicio\/wp-json\/wp\/v2\/comments?post=50365"}],"version-history":[{"count":1,"href":"https:\/\/interpolitico.com\/inicio\/wp-json\/wp\/v2\/posts\/50365\/revisions"}],"predecessor-version":[{"id":50367,"href":"https:\/\/interpolitico.com\/inicio\/wp-json\/wp\/v2\/posts\/50365\/revisions\/50367"}],"wp:attachment":[{"href":"https:\/\/interpolitico.com\/inicio\/wp-json\/wp\/v2\/media?parent=50365"}],"wp:term":[{"taxonomy":"category","embeddable":true,"href":"https:\/\/interpolitico.com\/inicio\/wp-json\/wp\/v2\/categories?post=50365"},{"taxonomy":"post_tag","embeddable":true,"href":"https:\/\/interpolitico.com\/inicio\/wp-json\/wp\/v2\/tags?post=50365"}],"curies":[{"name":"wp","href":"https:\/\/api.w.org\/{rel}","templated":true}]}}